{"id":3622,"date":"2024-08-19T08:00:00","date_gmt":"2024-08-19T06:00:00","guid":{"rendered":"https:\/\/ecosystema.fr\/?p=3622"},"modified":"2024-08-19T11:38:25","modified_gmt":"2024-08-19T09:38:25","slug":"drosera-spp-en-finistere-bretagne","status":"publish","type":"post","link":"https:\/\/ecosystema.fr\/index.php\/2024\/08\/19\/drosera-spp-en-finistere-bretagne\/","title":{"rendered":"Drosera spp. en Finist\u00e8re (Bretagne)"},"content":{"rendered":"<div class=\"wp-block-image\">\n<figure class=\"aligncenter size-large\"><img loading=\"lazy\" decoding=\"async\" width=\"1024\" height=\"768\" src=\"https:\/\/ecosystema.fr\/wp-content\/uploads\/2024\/08\/otg70664-2-1-1024x768.jpg\" alt=\"\" class=\"wp-image-3627\" srcset=\"https:\/\/ecosystema.fr\/wp-content\/uploads\/2024\/08\/otg70664-2-1-1024x768.jpg 1024w, https:\/\/ecosystema.fr\/wp-content\/uploads\/2024\/08\/otg70664-2-1-300x225.jpg 300w, https:\/\/ecosystema.fr\/wp-content\/uploads\/2024\/08\/otg70664-2-1-768x576.jpg 768w, https:\/\/ecosystema.fr\/wp-content\/uploads\/2024\/08\/otg70664-2-1-1536x1152.jpg 1536w, https:\/\/ecosystema.fr\/wp-content\/uploads\/2024\/08\/otg70664-2-1-809x607.jpg 809w, https:\/\/ecosystema.fr\/wp-content\/uploads\/2024\/08\/otg70664-2-1.jpg 1559w\" sizes=\"auto, (max-width: 1024px) 100vw, 1024px\" \/><figcaption class=\"wp-element-caption\"><em>Drosera intermedia<\/em> (premiers essais du OM \u00ab\u00a0Tough\u00a0\u00bb G-7 en mode Macro)<\/figcaption><\/figure>\n<\/div>\n\n\n<blockquote class=\"wp-block-quote is-layout-flow wp-block-quote-is-layout-flow\">\n<p>L&rsquo;occasion d&rsquo;une sortie GRETIA (Groupe d&rsquo;\u00e9tude des invert\u00e9br\u00e9s armoricains), dans une petite lande humide aux Blancs Sablons, cet \u00e9t\u00e9 2024 et de la photographie ci-dessus, est l&rsquo;occasion pour moi de vous reparler d&rsquo;un genre sympathique et bien connu :&nbsp; <em>Drosera div. sp.<\/em><br \/>Mais, d\u00e9j\u00e0, un grand merci \u00e0 toute l\u2019\u00e9quipe de l\u2019antenne \u00ab&nbsp;Bretagne&nbsp;\u00bb, qui durant tout le stage, ont m\u00eal\u00e9 passion et partage intellectuel, sur les invert\u00e9br\u00e9s.<\/p>\n<\/blockquote>\n\n\n\n<p>Pour d\u00e9buter, un peu de po\u00e9sie\u2026<\/p>\n\n\n\n<figure class=\"wp-block-pullquote has-small-font-size\"><blockquote><p>Et cette l\u00e9g\u00e8ret\u00e9 de vie Flamb\u00e9e, escale \u00e0 rafiots Jou\u00e9e \u00e0 tous les d\u00e9s, tous les paris Les corps aux bruits des hameaux<br \/> Puissance rassembl\u00e9e Sous la blanche plum\u00e9e Des cygnes chanteurs D\u2019aubes pr\u00e9curseurs<br \/>De vos mains gant\u00e9es allant De la course effr\u00e9n\u00e9e du faon Lancez en l&rsquo;air les confettis hilarants Chantourn\u00e9s dans les rires d\u2019enfants<br \/>Une paille d\u2019azur Plant\u00e9e dans l\u2019\u0153il d\u2019eau Qui se balance sur Un fils o\u00f9 s\u2019enlacent les mots<br \/>Des oiseaux nocturnes immenses Glissent sous nos fen\u00eatres arrogantes Recouvrant, d\u2019une aile fluante Les tapages diurnes d\u2019une nappe de silence<br \/>Pouvoir \u00e9ph\u00e9m\u00e8re des fleurs Parfums des signes avant-coureurs De la d\u00e9gringolade des corps L\u2019ombre experte de la mort G\u00e9ante <strong>Rossolis<\/strong> \u00e0 l\u2019extr\u00e9mit\u00e9 de nos pas Aveuglante ros\u00e9e \u00e9close dans nos bras<\/p><cite>Lente inclinaison&nbsp;<em>par Hurlevent<\/em><\/cite><\/blockquote><\/figure>\n\n\n\n<pre class=\"wp-block-preformatted\">Ainsi, aussi, bravo, pour les talents de cuisinier et\u2026 la bonne bi\u00e8re de Bretagne ^^.<\/pre>\n\n\n\n<h2 class=\"wp-block-heading\">Le site de prospection :<\/h2>\n\n\n<div class=\"wp-block-image is-style-default\">\n<figure class=\"aligncenter size-large\"><img loading=\"lazy\" decoding=\"async\" width=\"984\" height=\"1024\" src=\"https:\/\/ecosystema.fr\/wp-content\/uploads\/2024\/08\/Capture-decran-2024-08-11-a-07.41.52-984x1024.png\" alt=\"\" class=\"wp-image-3648\" srcset=\"https:\/\/ecosystema.fr\/wp-content\/uploads\/2024\/08\/Capture-decran-2024-08-11-a-07.41.52-984x1024.png 984w, https:\/\/ecosystema.fr\/wp-content\/uploads\/2024\/08\/Capture-decran-2024-08-11-a-07.41.52-288x300.png 288w, https:\/\/ecosystema.fr\/wp-content\/uploads\/2024\/08\/Capture-decran-2024-08-11-a-07.41.52-768x799.png 768w, https:\/\/ecosystema.fr\/wp-content\/uploads\/2024\/08\/Capture-decran-2024-08-11-a-07.41.52-809x842.png 809w, https:\/\/ecosystema.fr\/wp-content\/uploads\/2024\/08\/Capture-decran-2024-08-11-a-07.41.52.png 1380w\" sizes=\"auto, (max-width: 984px) 100vw, 984px\" \/><figcaption class=\"wp-element-caption\">Source : Google maps (2024)<\/figcaption><\/figure>\n<\/div>\n\n\n<p>La zone tourbeuse des Blancs Sablons, situ\u00e9e en Finist\u00e8re, est un endroit fascinant qui suscite une biodiversit\u00e9 unique. Ce site est caract\u00e9ris\u00e9 par son \u00ab&nbsp;paysage mar\u00e9cageux&nbsp;\u00bb et ses sols riches en tourbe, ce qui en fait un habitat id\u00e9al pour de nombreuses esp\u00e8ces de flore et de faune associ\u00e9e. Les Blancs Sablons sont \u00e9galement connus pour leurs magnifiques plages et leurs dunes, privil\u00e9giant un cadre naturel apaisant. Cette immense plage de 2 500 m, expos\u00e9e aux vents, situ\u00e9e du Conquet dans une zone prot\u00e9g\u00e9e du Conservatoire du littoral (C.E.L.R.L.) et class\u00e9e Natura 2000. Cette grande plage de sable fin est id\u00e9alement plac\u00e9e dans un espace pr\u00e9serv\u00e9 et \u00ab&nbsp;sauvage&nbsp;\u00bb.<br \/>Des Blancs Sablons, vous avez une vue magnifique sur la presqu&rsquo;\u00eele de Kermorvan et notamment sur le fort de l&rsquo;Ilette.<\/p>\n\n\n\n<figure class=\"wp-block-image size-large\"><img loading=\"lazy\" decoding=\"async\" width=\"1024\" height=\"768\" src=\"https:\/\/ecosystema.fr\/wp-content\/uploads\/2024\/08\/otg70645-1-1024x768.jpg\" alt=\"\" class=\"wp-image-3636\" srcset=\"https:\/\/ecosystema.fr\/wp-content\/uploads\/2024\/08\/otg70645-1-1024x768.jpg 1024w, https:\/\/ecosystema.fr\/wp-content\/uploads\/2024\/08\/otg70645-1-300x225.jpg 300w, https:\/\/ecosystema.fr\/wp-content\/uploads\/2024\/08\/otg70645-1-768x576.jpg 768w, https:\/\/ecosystema.fr\/wp-content\/uploads\/2024\/08\/otg70645-1-1536x1152.jpg 1536w, https:\/\/ecosystema.fr\/wp-content\/uploads\/2024\/08\/otg70645-1-809x607.jpg 809w, https:\/\/ecosystema.fr\/wp-content\/uploads\/2024\/08\/otg70645-1.jpg 2000w\" sizes=\"auto, (max-width: 1024px) 100vw, 1024px\" \/><figcaption class=\"wp-element-caption\">Site class\u00e9, propri\u00e9t\u00e9 du CELRL, et g\u00e9r\u00e9 par la CCI de l\u2019IROISE<\/figcaption><\/figure>\n\n\n\n<pre class=\"wp-block-preformatted\">Si vous \u00eates passionn\u00e9 par la nature, c'est un lieu parfait pour observer la faune locale et profiter de la beaut\u00e9 des paysages bretons du L\u00e9on.<\/pre>\n\n\n\n<h2 class=\"wp-block-heading\">Pr\u00e9sentation de l\u2019habitat type et des taxa observables<\/h2>\n\n\n<div class=\"wp-block-image\">\n<figure class=\"aligncenter size-large\"><img loading=\"lazy\" decoding=\"async\" width=\"1024\" height=\"768\" src=\"https:\/\/ecosystema.fr\/wp-content\/uploads\/2024\/08\/otg70654-1-1024x768.jpg\" alt=\"\" class=\"wp-image-3628\" srcset=\"https:\/\/ecosystema.fr\/wp-content\/uploads\/2024\/08\/otg70654-1-1024x768.jpg 1024w, https:\/\/ecosystema.fr\/wp-content\/uploads\/2024\/08\/otg70654-1-300x225.jpg 300w, https:\/\/ecosystema.fr\/wp-content\/uploads\/2024\/08\/otg70654-1-768x576.jpg 768w, https:\/\/ecosystema.fr\/wp-content\/uploads\/2024\/08\/otg70654-1-1536x1152.jpg 1536w, https:\/\/ecosystema.fr\/wp-content\/uploads\/2024\/08\/otg70654-1-809x607.jpg 809w, https:\/\/ecosystema.fr\/wp-content\/uploads\/2024\/08\/otg70654-1.jpg 2000w\" sizes=\"auto, (max-width: 1024px) 100vw, 1024px\" \/><figcaption class=\"wp-element-caption\"><em>Erica tetralix<\/em><\/figcaption><\/figure>\n<\/div>\n\n\n<p>Sur une faible surface, il s\u2019agit d\u2019une v\u00e9g\u00e9tation de landes et rares d\u00e9pressions tourbeuses acidiphiles oligotrophes relevant des <strong><em>Oxycocco-Sphagnetea magellanici<\/em><\/strong> ; habitat hygrophile (\u00ab&nbsp;H&nbsp;\u00bb selon le gradient hydrique), pr\u00e9sent dans un contexte de \u00ab&nbsp;Landes anglo-armoricaines&nbsp;\u00bb \u00e0 <em>Ulex gallii&nbsp;<\/em>(voir <em>focus<\/em> ci apr\u00e8s) et <em>Erica ciliaris<\/em> ; (compl\u00e9ment sur l&rsquo;\u00e9cologie du taxon ci-apr\u00e8s).<br \/>Correspondance de la l&rsquo;habitat en Europe : Corine Biotopes : 31.2352 ; EUNIS : F4.12.<\/p>\n\n\n<div class=\"wp-block-image\">\n<figure class=\"aligncenter size-full\"><img loading=\"lazy\" decoding=\"async\" width=\"1328\" height=\"1548\" src=\"https:\/\/ecosystema.fr\/wp-content\/uploads\/2024\/08\/Capture-decran-2024-08-11-a-08.43.12.png\" alt=\"\" class=\"wp-image-3659\" srcset=\"https:\/\/ecosystema.fr\/wp-content\/uploads\/2024\/08\/Capture-decran-2024-08-11-a-08.43.12.png 1328w, https:\/\/ecosystema.fr\/wp-content\/uploads\/2024\/08\/Capture-decran-2024-08-11-a-08.43.12-257x300.png 257w, https:\/\/ecosystema.fr\/wp-content\/uploads\/2024\/08\/Capture-decran-2024-08-11-a-08.43.12-878x1024.png 878w, https:\/\/ecosystema.fr\/wp-content\/uploads\/2024\/08\/Capture-decran-2024-08-11-a-08.43.12-768x895.png 768w, https:\/\/ecosystema.fr\/wp-content\/uploads\/2024\/08\/Capture-decran-2024-08-11-a-08.43.12-1318x1536.png 1318w, https:\/\/ecosystema.fr\/wp-content\/uploads\/2024\/08\/Capture-decran-2024-08-11-a-08.43.12-809x943.png 809w\" sizes=\"auto, (max-width: 1328px) 100vw, 1328px\" \/><figcaption class=\"wp-element-caption\">Valance optimale d&rsquo;Erica tetralix (d&rsquo;apr\u00e8s \u00ab\u00a0Baseflor\u00a0\u00bb &#8211; JULVE P. &#8211; 2021)<\/figcaption><\/figure>\n<\/div>\n\n\n<p class=\"has-text-align-center\"><strong>Focus sur <em>Ulex gallii<\/em><\/strong><\/p>\n\n\n\n<hr class=\"wp-block-separator has-alpha-channel-opacity\"\/>\n\n\n<div class=\"wp-block-image\">\n<figure class=\"aligncenter size-full\"><img loading=\"lazy\" decoding=\"async\" width=\"600\" height=\"398\" src=\"https:\/\/ecosystema.fr\/wp-content\/uploads\/2024\/08\/img_000977913L.jpg\" alt=\"\" class=\"wp-image-3650\" srcset=\"https:\/\/ecosystema.fr\/wp-content\/uploads\/2024\/08\/img_000977913L.jpg 600w, https:\/\/ecosystema.fr\/wp-content\/uploads\/2024\/08\/img_000977913L-300x199.jpg 300w\" sizes=\"auto, (max-width: 600px) 100vw, 600px\" \/><figcaption class=\"wp-element-caption\"><em>Ulex gallii <\/em>(Photo de BECK F. CC-BY-SA 2.0 FR &#8211; Projet eFlore)<\/figcaption><\/figure>\n<\/div>\n\n\n<p><em>Ulex gallii <\/em>Planch. (vern. = Ajonc de Le Gall)<br \/>Description de Coste :<br \/>&#8211; Interm\u00e9diaire entre <em>U. europeaus<\/em> et le <em>U. minor<\/em>.&nbsp;Arbrisseau&nbsp;de 50 cm \u00e0 1 m. 50, d&rsquo;un vert \u00e0 peine&nbsp;glauque, tr\u00e8s&nbsp;rameux-diffus, \u00e0 rameaux peu&nbsp;velus, \u00e0 \u00e9pines robustes, vuln\u00e9rantes&nbsp;<br \/>&#8211;&nbsp;feuilles&nbsp;lin\u00e9aires-lanc\u00e9ol\u00e9es&nbsp;<br \/>&#8211;&nbsp;fleurs&nbsp;assez grandes, de 12-13 mm de long&nbsp;<br \/>&#8211;&nbsp;bract\u00e9oles&nbsp;calicinales&nbsp;ovales, \u00e0 peu pr\u00e8s de la largeur du&nbsp;p\u00e9dicelle&nbsp;<br \/>&#8211;&nbsp;calice&nbsp;pubescent, \u00e0 poils&nbsp;appliqu\u00e9s<br \/>&#8211;&nbsp;corolle&nbsp;d&rsquo;un jaune orang\u00e9&nbsp;<br \/>&#8211;&nbsp;ailes&nbsp;un peu plus longues, rarement un peu plus courtes que la&nbsp;car\u00e8ne&nbsp;<br \/>&#8211;&nbsp;gousse&nbsp;oblongue, large de 5 mm&nbsp;velue, \u00e9galant \u00e0 peu pr\u00e8s le&nbsp;calice, \u00e0 6 graines.<\/p>\n\n\n\n<figure class=\"wp-block-gallery has-nested-images columns-default is-cropped wp-block-gallery-1 is-layout-flex wp-block-gallery-is-layout-flex\">\n<figure class=\"wp-block-image size-full\"><img loading=\"lazy\" decoding=\"async\" width=\"600\" height=\"600\" data-id=\"3655\" src=\"https:\/\/ecosystema.fr\/wp-content\/uploads\/2024\/08\/U.gallii.png\" alt=\"\" class=\"wp-image-3655\" srcset=\"https:\/\/ecosystema.fr\/wp-content\/uploads\/2024\/08\/U.gallii.png 600w, https:\/\/ecosystema.fr\/wp-content\/uploads\/2024\/08\/U.gallii-300x300.png 300w, https:\/\/ecosystema.fr\/wp-content\/uploads\/2024\/08\/U.gallii-150x150.png 150w\" sizes=\"auto, (max-width: 600px) 100vw, 600px\" \/><figcaption class=\"wp-element-caption\"><em>U. gallii<\/em><\/figcaption><\/figure>\n\n\n\n<figure class=\"wp-block-image size-large\"><img loading=\"lazy\" decoding=\"async\" width=\"600\" height=\"600\" data-id=\"3656\" src=\"https:\/\/ecosystema.fr\/wp-content\/uploads\/2024\/08\/U_minor-3.png\" alt=\"\" class=\"wp-image-3656\" srcset=\"https:\/\/ecosystema.fr\/wp-content\/uploads\/2024\/08\/U_minor-3.png 600w, https:\/\/ecosystema.fr\/wp-content\/uploads\/2024\/08\/U_minor-3-300x300.png 300w, https:\/\/ecosystema.fr\/wp-content\/uploads\/2024\/08\/U_minor-3-150x150.png 150w\" sizes=\"auto, (max-width: 600px) 100vw, 600px\" \/><figcaption class=\"wp-element-caption\"><em>U. minor<\/em><\/figcaption><\/figure>\n<figcaption class=\"blocks-gallery-caption wp-element-caption\">Chorologie des deux taxons affines <em>Ulex sp.<\/em> (source eFlore)<\/figcaption><\/figure>\n\n\n\n<hr class=\"wp-block-separator has-alpha-channel-opacity\"\/>\n\n\n\n<p>Rappelons que la formation typique des milieux turficoles, est conditionn\u00e9e par des facteurs \u00e9cologiques particuliers : basses temp\u00e9ratures, alimentation par une eau acide ou faible renouvellement de l&rsquo;eau. Ces facteurs concourent \u00e0 une tr\u00e8s faible activit\u00e9 biologique, habituellement responsable de la d\u00e9composition des v\u00e9g\u00e9taux morts. En cons\u00e9quence, ceux-ci &#8211; en majorit\u00e9 des <strong><em>Cyperaceae<\/em><\/strong> &#8211; s\u2019accumulent dans des vasques d\u2019eau et forment de la tourbe noire. Lorsque la tourbe affleure la nappe, l\u2019acidification se poursuit sous l\u2019effet du lessivage des pluies et de l&rsquo;installation des sphaignes,<br \/>Ces <em>Bryophyta sl.<\/em> du r\u00e8gne \u00ab&nbsp;archa\u00efques&nbsp;\u00bb des <strong><em>Plantae<\/em><\/strong>, ont la curieuse propri\u00e9t\u00e9 de tirer parti de la quasi-absence des min\u00e9raux nutritifs gr\u00e2ce \u00e0 un m\u00e9canisme chimique complexe qui provoque la production, au niveau de leurs cellules, d\u2019ions hydrog\u00e8ne, responsables de l\u2019acidification. Les <em>sphagnum div. sp.&nbsp;<\/em>qui poussent sans cesse sur elles-m\u00eames, sont \u00e0 la base de la formation de la tourbe blonde qui forme des plaquages au-dessus de la tourbe noire.<\/p>\n\n\n\n<p>Sur ce substrat inhospitalier, des \u00ab&nbsp;communaut\u00e9s&nbsp;\u00bb v\u00e9g\u00e9tales dont la frugalit\u00e9 s&rsquo;exprime par la petite taille arrivent \u00e0 s&rsquo;installer. Certaines esp\u00e8ces, et plus particuli\u00e8rement les plantes carnivores, poss\u00e8dent des adaptations sp\u00e9cifiques pour occuper ces stations. Pour compenser le manque d&rsquo;azote d\u00fb \u00e0 l&rsquo;absence de d\u00e9composition du substrat organique, ces plantes capturent de petites proies animales pour en dig\u00e9rer les parties riches en mati\u00e8res azot\u00e9es. Les plus embl\u00e9matiques sont les <strong><em>Drosera spp.<\/em><\/strong> qui poss\u00e8dent des feuilles garnies de poils termin\u00e9s par une goutte de substance brillantes et poisseuses qui attirent les <em>Insecta<\/em> (vern. = insectes) qui viennent s&rsquo;y coller. La feuille s&rsquo;enroule autour d&rsquo;eux et en dig\u00e8re les parties molles.<\/p>\n\n\n\n<p>Syndynamiquement (= dynamique v\u00e9g\u00e9tale du syntaxon), au fur et \u00e0 mesure que la tourbi\u00e8re s&rsquo;\u00e9difie, ses parties les plus bomb\u00e9es s&rsquo;ass\u00e8chent progressivement. Le milieu \u00e9volue alors vers une lande tourbeuse pauciflore, o\u00f9 apparaissent &#8211; au sein de cette phytocoenose &#8211; des esp\u00e8ces comme <em>Erica tetralix<\/em>, ou bien <em>Molinia coerulea<\/em> avant d&rsquo;\u00e9voluer vers le boisement (par embroussaillement) par <em>Salix aurita<\/em> et les bouleaux (<em>Betula pubescens<\/em>, <em>B.\u202fpendula<\/em> et hybrides).<br \/>L\u2019\u00e9volution des tourbi\u00e8res a quelquefois \u00e9t\u00e9 ralentie par l&rsquo;exploitation r\u00e9guli\u00e8re de la tourbe, comme combustible, lors de l&rsquo;histoire. Dans des fosses de faible profondeur, le m\u00e9canisme de formation de la tourbe a pu reprendre \u00e0 un stade ant\u00e9rieur.<\/p>\n\n\n\n<pre class=\"wp-block-preformatted\">Sur les surfaces \u00e9tr\u00e9p\u00e9es (sur le site, par gestion conservatoire), ou gratt\u00e9es par les animaux, il n'est donc pas surprenant de voir cohabiter les esp\u00e8ces de la tourbi\u00e8re proprement dite et des esp\u00e8ces des bas marais acidiphiles, comme <em>Anagallis tenella<\/em>.<\/pre>\n\n\n\n<h2 class=\"wp-block-heading\">Etymologie<\/h2>\n\n\n\n<p>Drosera de son genre, s\u2019appelle \u00ab&nbsp;vern. = Rossolis&nbsp;\u00bb et vient du grec \u03b4\u03c1\u03bf\u03c3\u03b5\u03c1\u03cc\u03c2, et \u00ab&nbsp;signifie humide de ros\u00e9&nbsp;\u00bb. Probablement de l\u2019aspect des feuilles de ces plantes carnivores, couvertes d\u2019un liquide destin\u00e9 \u00e0 dig\u00e9rer les <em>Insecta<\/em>.<\/p>\n\n\n\n<h2 class=\"wp-block-heading\">Basionyme des Drosera spp.<\/h2>\n\n\n\n<p><br \/>En nomenclature (= taxinomie ; syst\u00e9matique) cela correspond au bin\u00f4me d&rsquo;origine qui a servi \u00e0 d\u00e9signer un taxon lors de sa premi\u00e8re description.<br \/>Ici, les Drosera spp. (vern. = Dros\u00e9ras ou Rossolis) sont de petites plantes carnivores de la famille des <strong><em>Droseraceae<\/em><\/strong>. Il existe 80 \u00e0 110 esp\u00e8ces de <em>Drosera div. sp.&nbsp;<\/em>localis\u00e9es principalement dans l&rsquo;h\u00e9misph\u00e8re Sud. On trouve la moiti\u00e9 de ces esp\u00e8ces dans le sud-ouest de l&rsquo;Australie.<br \/>Il existe en Europe trois esp\u00e8ces de Drosera. Toutes pr\u00e9sentent une rosette de feuilles color\u00e9es. Souvent ces esp\u00e8ces sont peu visibles sur fond d\u2019<em>Ericaceae<\/em> sombres ou de Bryophyta sl. (Dont des sphagnum div. sp). La plus cosmopolite est <em>Drosera rotundifolia<\/em>, qui a les feuilles appliqu\u00e9es contre le sol, dont le limbe est arrondi. Les deux autres esp\u00e8ces ont les feuilles allong\u00e9es et plus ou moins dress\u00e9es. Ce sont des pi\u00e8ges efficaces pour la capture de petits Insecta (vern.= Insectes).<br \/>En France o\u00f9 elles sont strictement prot\u00e9g\u00e9es.<br \/>En Bretagne on peut observer deux des trois esp\u00e8ces : <em>D. rotundifolia<\/em> et <em>D. intermedia<\/em>.<\/p>\n\n\n\n<figure class=\"wp-block-gallery has-nested-images columns-default is-cropped wp-block-gallery-2 is-layout-flex wp-block-gallery-is-layout-flex\">\n<figure class=\"wp-block-image\"><img loading=\"lazy\" decoding=\"async\" width=\"250\" height=\"300\" data-id=\"3630\" src=\"https:\/\/ecosystema.fr\/wp-content\/uploads\/2024\/08\/417-1-250x300.png\" alt=\"\" class=\"wp-image-3630\" srcset=\"https:\/\/ecosystema.fr\/wp-content\/uploads\/2024\/08\/417-1-250x300.png 250w, https:\/\/ecosystema.fr\/wp-content\/uploads\/2024\/08\/417-1.png 500w\" sizes=\"auto, (max-width: 250px) 100vw, 250px\" \/><figcaption class=\"wp-element-caption\"><em>D. rotundifolia<\/em><\/figcaption><\/figure>\n\n\n\n<figure class=\"wp-block-image\"><img loading=\"lazy\" decoding=\"async\" width=\"250\" height=\"300\" data-id=\"3629\" src=\"https:\/\/ecosystema.fr\/wp-content\/uploads\/2024\/08\/418-1-250x300.png\" alt=\"\" class=\"wp-image-3629\" srcset=\"https:\/\/ecosystema.fr\/wp-content\/uploads\/2024\/08\/418-1-250x300.png 250w, https:\/\/ecosystema.fr\/wp-content\/uploads\/2024\/08\/418-1.png 500w\" sizes=\"auto, (max-width: 250px) 100vw, 250px\" \/><figcaption class=\"wp-element-caption\"><em>D. intermedia<\/em><\/figcaption><\/figure>\n<figcaption class=\"blocks-gallery-caption wp-element-caption\"><strong><em>Droseraceae<\/em><\/strong> : <em>Drosera sp.<\/em> (Source : COSTE H.)<\/figcaption><\/figure>\n\n\n\n<p>La troisi\u00e8me esp\u00e8ce <em>anglica<\/em> peut se rencontrer en Normandie (anciennement (Basse-Normandie), il est toutefois extr\u00eamement rare (\u00e0 noter aussi <em>D. X obovata<\/em> Mert. &amp; Koch (= <em>D. anglica<\/em> Huds. x <em>D. intermedia<\/em> Hayne), avec les parents, prot\u00e9g\u00e9e nationale. Pr\u00e9cisons que c\u2019est une esp\u00e8ce surtout alcaline turficole, neutrocline \u00e0 assez large amplitude, se rattachant aux <strong><em>Menyantho-Caricetalia lasiocarpae<\/em><\/strong>.<\/p>\n\n\n\n<h2 class=\"wp-block-heading\">Diagnose de <em>Drosera anglica<\/em> Huds., 1778 :<\/h2>\n\n\n\n<p>C\u2019est une h\u00e9micryptophyte (He) \u00e0 feuilles dispos\u00e9es en rosette basale. Ces derni\u00e8res sont dress\u00e9es, longuement p\u00e9tiol\u00e9es et \u00e0 limbe un peu \u00e9largi en lame, couvert de poils glanduleux mobiles sur la face sup\u00e9rieure. La hampe florale s&rsquo;\u00e9l\u00e8ve du centre de la rosette et d\u00e9passe grandement les feuilles. Les fleurs, dispos\u00e9es en grappe l\u00e2che, sont blanches, \u00e0 cinq p\u00e9tales. Le fruit est une capsule non cannel\u00e9e d\u00e9passant l\u00e9g\u00e8rement le calice. Les graines sont allong\u00e9es, munies d&rsquo;une aile r\u00e9ticul\u00e9e.<\/p>\n\n\n\n<h2 class=\"wp-block-heading\"><strong>Esp\u00e8ces proches :<\/strong><\/h2>\n\n\n\n<p>Le taxon se diff\u00e9rencie assez facilement d&rsquo;autres esp\u00e8ces par la taille et la forme de ses feuilles \u00e9troites et allong\u00e9es. Il peut toutefois risquer d&rsquo;\u00eatre confondu avec <em>D. intermedia<\/em>. L&rsquo;observation des fruits est ici primordiale.<\/p>\n\n\n\n<p>Pour information voici la r\u00e9partition de <em>D. anglica<\/em> en France de l\u2019ouest.<\/p>\n\n\n<div class=\"wp-block-image\">\n<figure class=\"aligncenter size-large\"><img loading=\"lazy\" decoding=\"async\" width=\"1024\" height=\"631\" src=\"https:\/\/ecosystema.fr\/wp-content\/uploads\/2024\/08\/capture-decran-2024-07-30-a-08.35.57-1-1024x631.png\" alt=\"\" class=\"wp-image-3631\" srcset=\"https:\/\/ecosystema.fr\/wp-content\/uploads\/2024\/08\/capture-decran-2024-07-30-a-08.35.57-1-1024x631.png 1024w, https:\/\/ecosystema.fr\/wp-content\/uploads\/2024\/08\/capture-decran-2024-07-30-a-08.35.57-1-300x185.png 300w, https:\/\/ecosystema.fr\/wp-content\/uploads\/2024\/08\/capture-decran-2024-07-30-a-08.35.57-1-768x473.png 768w, https:\/\/ecosystema.fr\/wp-content\/uploads\/2024\/08\/capture-decran-2024-07-30-a-08.35.57-1-1536x947.png 1536w, https:\/\/ecosystema.fr\/wp-content\/uploads\/2024\/08\/capture-decran-2024-07-30-a-08.35.57-1-809x499.png 809w, https:\/\/ecosystema.fr\/wp-content\/uploads\/2024\/08\/capture-decran-2024-07-30-a-08.35.57-1.png 2000w\" sizes=\"auto, (max-width: 1024px) 100vw, 1024px\" \/><figcaption class=\"wp-element-caption\">Source : ONB &#8211; INPN &#8211; plate-forme nationale du Syst\u00e8me national d&rsquo;Information sur la Nature et les Paysages (S.I.N.P.)<br \/>L&rsquo;Observatoire National de la Biodiversit\u00e9 publie ses indicateurs actualis\u00e9s<\/figcaption><\/figure>\n<\/div>\n\n\n<p>L&rsquo;<strong>Observatoire National de la Biodiversit\u00e9<\/strong> (ONB) travaille dans une logique de mise en perspective des indicateurs au regard des questions qu&rsquo;ils \u00e9clairent. Depuis 2012, ses travaux s&rsquo;enrichissent gr\u00e2ce \u00e0 de nombreux partenaires et sont diffus\u00e9s avant la Journ\u00e9e mondiale de la Biodiversit\u00e9.<br \/>L&rsquo;<strong>INPN<\/strong>, plate-forme nationale du Syst\u00e8me national d&rsquo;Information sur la Nature et les Paysages (SINP), produit des indicateurs sur le niveau de connaissance de la biodiversit\u00e9, sur les aires prot\u00e9g\u00e9es et les ZNIEFF ainsi que sur l&rsquo;\u00e9tat des esp\u00e8ces et des habitats.<br \/>En 2017, l\u2019INPN a particip\u00e9 activement \u00e0 la production de deux nouveaux indicateurs :<\/p>\n\n\n\n<ol class=\"wp-block-list\">\n<li>Un indicateur concerne les <strong>lacunes de connaissance naturalistes<\/strong> partag\u00e9es en m\u00e9tropole, \u00e0 partir des donn\u00e9es issues de l\u2019INPN\/SINPN.<\/li>\n\n\n\n<li>Le second indicateur s\u2019int\u00e9resse \u00e0 l\u2019<strong>\u00e9volution des milieux naturels dans les ZNIEFF<\/strong> depuis 1990 jusqu\u2019\u00e0 2012.<br \/>Remarque : un nouvel indicateur produit par l\u2019ONCFS, dont les donn\u00e9es sont \u00e9galement disponibles sur l\u2019INPN, pr\u00e9sente la proportion du territoire m\u00e9tropolitain dans laquelle au moins un grand pr\u00e9dateur terrestre est pr\u00e9sent de fa\u00e7on r\u00e9guli\u00e8re.<\/li>\n<\/ol>\n\n\n\n<h2 class=\"wp-block-heading\">Caract\u00e9ristiques syn\u00e9cologiques, synsyst\u00e9matiques, etc. des taxa cit\u00e9s et document\u00e9s :<\/h2>\n\n\n\n<h3 class=\"wp-block-heading\">Drosera intermedia<\/h3>\n\n\n\n<p><em>D. intermedia<\/em>, est une h\u00e9micryptophyte de 5-15 cm qui appara\u00eet du VI au VIII. C\u2019est une hygrophile (adj. strat\u00e9gie de vie &#8211; qui affectionne les lieux humides), turficole, acidiphile (adj. strat\u00e9gie de vie &#8211; qui cro\u00eet de pr\u00e9f\u00e9rence sur les substrats acides (ant. basophile, basiphile) ; pr\u00e9sent sur les tourbi\u00e8res actives, g\u00e9n\u00e9ralement sur la tourbe nue (correspondant \u00e0 des zones dites \u00ab&nbsp;cicatriciels&nbsp;\u00bb), mais aussi dans les landes humides \u00e0 tourbeuses. Cette esp\u00e8ce se rattache au <strong><em>Junco-Caricetalia nigrae, Molinio-Rhynchosporion albae<\/em><\/strong>. C\u2019est une esp\u00e8ce Euro-NE-am\u00e9ricaine (selon Oberdorfer). Rappelons enfin que c\u2019est une esp\u00e8ce prot\u00e9g\u00e9e nationale et une esp\u00e8ce d&rsquo;int\u00e9r\u00eat communautaire.<br \/>En Bretagne (sauf en Ille-et-Vilaine o\u00f9 elle est assez rare), c\u2019est une esp\u00e8ce assez commune (AC).<\/p>\n\n\n\n<figure class=\"wp-block-gallery has-nested-images columns-default is-cropped wp-block-gallery-3 is-layout-flex wp-block-gallery-is-layout-flex\">\n<figure class=\"wp-block-image\"><img loading=\"lazy\" decoding=\"async\" width=\"1024\" height=\"768\" data-id=\"3633\" src=\"https:\/\/ecosystema.fr\/wp-content\/uploads\/2024\/08\/otg70665-1-1024x768.jpg\" alt=\"\" class=\"wp-image-3633\" srcset=\"https:\/\/ecosystema.fr\/wp-content\/uploads\/2024\/08\/otg70665-1-1024x768.jpg 1024w, https:\/\/ecosystema.fr\/wp-content\/uploads\/2024\/08\/otg70665-1-300x225.jpg 300w, https:\/\/ecosystema.fr\/wp-content\/uploads\/2024\/08\/otg70665-1-768x576.jpg 768w, https:\/\/ecosystema.fr\/wp-content\/uploads\/2024\/08\/otg70665-1-1536x1152.jpg 1536w, https:\/\/ecosystema.fr\/wp-content\/uploads\/2024\/08\/otg70665-1-809x607.jpg 809w, https:\/\/ecosystema.fr\/wp-content\/uploads\/2024\/08\/otg70665-1.jpg 2000w\" sizes=\"auto, (max-width: 1024px) 100vw, 1024px\" \/><\/figure>\n\n\n\n<figure class=\"wp-block-image\"><img loading=\"lazy\" decoding=\"async\" width=\"1024\" height=\"768\" data-id=\"3632\" src=\"https:\/\/ecosystema.fr\/wp-content\/uploads\/2024\/08\/otg70664-2-2-1-1024x768.jpg\" alt=\"\" class=\"wp-image-3632\" srcset=\"https:\/\/ecosystema.fr\/wp-content\/uploads\/2024\/08\/otg70664-2-2-1-1024x768.jpg 1024w, https:\/\/ecosystema.fr\/wp-content\/uploads\/2024\/08\/otg70664-2-2-1-300x225.jpg 300w, https:\/\/ecosystema.fr\/wp-content\/uploads\/2024\/08\/otg70664-2-2-1-768x576.jpg 768w, https:\/\/ecosystema.fr\/wp-content\/uploads\/2024\/08\/otg70664-2-2-1-1536x1152.jpg 1536w, https:\/\/ecosystema.fr\/wp-content\/uploads\/2024\/08\/otg70664-2-2-1-809x607.jpg 809w, https:\/\/ecosystema.fr\/wp-content\/uploads\/2024\/08\/otg70664-2-2-1.jpg 1559w\" sizes=\"auto, (max-width: 1024px) 100vw, 1024px\" \/><\/figure>\n<figcaption class=\"blocks-gallery-caption wp-element-caption\"><em>Drosera intermedia <\/em>&#8211; 2024<\/figcaption><\/figure>\n\n\n\n<h3 class=\"wp-block-heading\">Drosera rotundifolia<\/h3>\n\n\n\n<p>L\u2019esp\u00e8ce suivante est <em>D. rotundifolia<\/em>. C\u2019est une h\u00e9micryptophyte de 5-25 cm, apparaissant en VII. Au niveau de l\u2019auto\u00e9cologie de l\u2019esp\u00e8ce, c\u2019est une esp\u00e8ce hygrophile, turficole, acidiphile ; pr\u00e9sent essentiellement dans les tourbi\u00e8res actives \u00e0 sphaignes, \u00e9galement landes humides \u00e0 tourbeuses (notre cas sur les Blancs Sablons). Cette esp\u00e8ce se rapporte au <strong><em>Junco-Caricetalia nigrae<\/em><\/strong> et <strong><em>Oxycocco-Sphagnetea<\/em><\/strong>. C\u2019est une Circumbor\u00e9ale. Comme la pr\u00e9c\u00e9dente, elle est prot\u00e9g\u00e9e au niveau national de m\u00eame que une esp\u00e8ce d&rsquo;int\u00e9r\u00eat communautaire.<br \/>En Bretagne (except\u00e9 en Ille-et-Vilaine o\u00f9 elle est assez rare), c\u2019est une esp\u00e8ce assez commune, mais nettement plus localis\u00e9 que la pr\u00e9c\u00e9dente.<br \/>Concluons, pour ses deux taxa par analyse m\u00e9sologique, que ce sont des esp\u00e8ces st\u00e9noh\u00e8ce, dont le gradient hydrique (\u00ab&nbsp;H&nbsp;\u00bb) et l\u2019acidit\u00e9 (pH proche de 5) sont pr\u00e9pond\u00e9rants.<\/p>\n\n\n\n<h2 class=\"wp-block-heading\">Diagnose du genre <em>Drosera div. sp.&nbsp;<\/em>:<\/h2>\n\n\n\n<p>Feuilles \u00e0 limbe au moins aussi large que long, brusquement contract\u00e9 en p\u00e9tiole, \u00e9tal\u00e9es parall\u00e8lement au substrat. Hampe florale \u00e0 longueur \u00e9galant 2,5-5 fois celle des feuilles, naissant au centre de la rosette<br \/>D. rotundifolia<br \/>Feuilles \u00e0 limbe au moins deux fois aussi long que large, insensiblement att\u00e9nu\u00e9 en p\u00e9tiole, plus ou moins dress\u00e9es, non appliqu\u00e9es sur le substrat. Hampe florale \u00e0 longueur \u00e9galant au plus 2,5 fois celle des feuilles<br \/>D. intermedia (voir aussi la longueur du limbe foliaire = 2-3 x largeur et la hampe florale longue de 2-5 cm, approximativement coud\u00e9e \u00e0 sa base &amp; naissant lat\u00e9ralement de la tige, \u00e0 peu pr\u00e8s sous la rosette de feuilles \/ D. anglica).<\/p>\n\n\n\n<figure class=\"wp-block-gallery has-nested-images columns-default is-cropped wp-block-gallery-4 is-layout-flex wp-block-gallery-is-layout-flex\">\n<figure class=\"wp-block-image\"><img loading=\"lazy\" decoding=\"async\" width=\"1024\" height=\"768\" data-id=\"3635\" src=\"https:\/\/ecosystema.fr\/wp-content\/uploads\/2024\/08\/ecosystema_gabydirlem_016-2-1-1024x768.jpg\" alt=\"\" class=\"wp-image-3635\" srcset=\"https:\/\/ecosystema.fr\/wp-content\/uploads\/2024\/08\/ecosystema_gabydirlem_016-2-1-1024x768.jpg 1024w, https:\/\/ecosystema.fr\/wp-content\/uploads\/2024\/08\/ecosystema_gabydirlem_016-2-1-300x225.jpg 300w, https:\/\/ecosystema.fr\/wp-content\/uploads\/2024\/08\/ecosystema_gabydirlem_016-2-1-768x576.jpg 768w, https:\/\/ecosystema.fr\/wp-content\/uploads\/2024\/08\/ecosystema_gabydirlem_016-2-1-809x607.jpg 809w, https:\/\/ecosystema.fr\/wp-content\/uploads\/2024\/08\/ecosystema_gabydirlem_016-2-1.jpg 1154w\" sizes=\"auto, (max-width: 1024px) 100vw, 1024px\" \/><\/figure>\n\n\n\n<figure class=\"wp-block-image\"><img loading=\"lazy\" decoding=\"async\" width=\"1024\" height=\"768\" data-id=\"3634\" src=\"https:\/\/ecosystema.fr\/wp-content\/uploads\/2024\/08\/ecosystema_gabydirlem_015-1-1024x768.jpg\" alt=\"\" class=\"wp-image-3634\" srcset=\"https:\/\/ecosystema.fr\/wp-content\/uploads\/2024\/08\/ecosystema_gabydirlem_015-1-1024x768.jpg 1024w, https:\/\/ecosystema.fr\/wp-content\/uploads\/2024\/08\/ecosystema_gabydirlem_015-1-300x225.jpg 300w, https:\/\/ecosystema.fr\/wp-content\/uploads\/2024\/08\/ecosystema_gabydirlem_015-1-768x576.jpg 768w, https:\/\/ecosystema.fr\/wp-content\/uploads\/2024\/08\/ecosystema_gabydirlem_015-1-809x607.jpg 809w, https:\/\/ecosystema.fr\/wp-content\/uploads\/2024\/08\/ecosystema_gabydirlem_015-1.jpg 1154w\" sizes=\"auto, (max-width: 1024px) 100vw, 1024px\" \/><\/figure>\n<figcaption class=\"blocks-gallery-caption wp-element-caption\"><em>Drosera rotundifolia <\/em>&#8211; 1995<\/figcaption><\/figure>\n\n\n\n<h2 class=\"wp-block-heading\">Le mucus des Drosera spp.<\/h2>\n\n\n\n<p>Il est principalement compos\u00e9 de glycoprot\u00e9ines (prot\u00e9ines qui ont des cha\u00eenes de glucides (= sucres) attach\u00e9es \u00e0 elles. Ces cha\u00eenes de glucides jouent un r\u00f4le crucial dans diverses fonctions biologiques) et de polysaccharides (Les polysaccharides sont des glucides complexes compos\u00e9s de longues cha\u00eenes de monosaccharides li\u00e9s entre eux par des liaisons glycosidiques). Ces derniers jouent un r\u00f4le essentiel dans la nature, tant sur le plan \u00e9nerg\u00e9tique que structurel. Les polysaccharides peuvent \u00eatre class\u00e9s en deux grandes cat\u00e9gories : les homopolysaccharides, form\u00e9s d&rsquo;un seul type de monosaccharide, et les h\u00e9t\u00e9ropolysaccharides, qui contiennent plusieurs types de monosaccharides. Ces substances jouent un r\u00f4le crucial dans la capture des insectes, car elles permettent d&rsquo;adh\u00e9rer aux proies qui se posent sur les feuilles collantes de la plante.<br \/>En plus de leur fonction adh\u00e9sive, ces composants chimiques contribuent \u00e9galement \u00e0 la digestion des proies, en lib\u00e9rant des enzymes (Prot\u00e9ines qui agissent comme des catalyseurs biologiques, acc\u00e9l\u00e9rant les r\u00e9actions chimiques dans les cellules. Elles jouent un r\u00f4le crucial dans de nombreux processus biologiques, tels que la digestion) qui d\u00e9composent les prot\u00e9ines et d&rsquo;autres nutriments. Cela permet \u00e0 la plante d&rsquo;absorber les \u00e9l\u00e9ments nutritifs n\u00e9cessaires \u00e0 sa croissance dans des environnements pauvres en nutriments.<\/p>\n\n\n\n<h2 class=\"wp-block-heading\">Glossaire (com. pers. &#8211; source bibliographique personnelle) :<\/h2>\n\n\n\n<ul class=\"wp-block-list\">\n<li><strong>Analyse m\u00e9sologique<\/strong> : parmi les facteurs abiotiques (voir facteurs \u00e9cologiques) du milieu, l&rsquo;analyse porte sur les facteurs suivants qui conditionnent directement toute vie :\n<ul class=\"wp-block-list\">\n<li>i) facteur thermique, que mesure la temp\u00e9rature du milieu (loi de Van&rsquo;t Hoff) ;<\/li>\n\n\n\n<li>ii) la gravit\u00e9 qui conditionne \u00e0 la fois la structure physique du milieu, la distribution et la morphologie des organismes, leur activit\u00e9 de constructeurs ;<\/li>\n\n\n\n<li>iii) les radiations (photosynth\u00e8se des producteurs primaires) ;<\/li>\n\n\n\n<li>iv) l&rsquo;eau (solvant universel de la biosph\u00e8re, indispensable \u00e0 toute r\u00e9action biochimique);<\/li>\n\n\n\n<li>v) l&rsquo;O2 et le CO2 ;<\/li>\n\n\n\n<li>vi) le pH ;<\/li>\n\n\n\n<li>vii) les ions min\u00e9raux, dont les phosphates et les nitrates. Notons que toutes les composantes du milieu, doivent \u00eatre plac\u00e9es dans une perspective temporelle (d&rsquo;apr\u00e8s 331).<\/li>\n<\/ul>\n<\/li>\n\n\n\n<li><strong>Association v\u00e9g\u00e9tale<\/strong> : une association v\u00e9g\u00e9tale est d\u00e9finie par une liste d&rsquo;esp\u00e8ces form\u00e9e par la r\u00e9union de celles des individus d&rsquo;association se ressemblant \u00e0 cet \u00e9gard, plus entre eux qu&rsquo;ils ne se ressemblent aux autres, et diff\u00e8rent des ensembles comparables par la possession d&rsquo;au moins une esp\u00e8ce caract\u00e9ristique (notion \u00e0 nuancer, on parlera plut\u00f4t d\u2019ensemble). \u00c0 l&rsquo;int\u00e9rieur d&rsquo;une a. v. on peut \u00eatre conduit \u00e0 distinguer, \u00e0 l&rsquo;aide d&rsquo;esp\u00e8ces diff\u00e9rentielles des s\/ass. Ces esp\u00e8ces diff\u00e9rentielles sont le plus souvent indicatrices des propri\u00e9t\u00e9s particuli\u00e8res du milieu physique (sol et microclimat) (d&rsquo;apr\u00e8s 187).<\/li>\n\n\n\n<li><strong>Bas-marais<\/strong> : marais inond\u00e9 durant la plus grande partie de l&rsquo;ann\u00e9e 942.<\/li>\n\n\n\n<li><strong>Bioc\u00e9nose<\/strong> : c&rsquo;est un groupement d&rsquo;\u00eatre vivant dont la composition, le nombre des esp\u00e8ces et celui des individus refl\u00e8te certaines conditions moyennes du milieu\u202f; ces \u00eatres sont li\u00e9s par une d\u00e9pendance r\u00e9ciproque. Par l\u00e0, elle innove dans la description des communaut\u00e9s biotiques. Elles repr\u00e9sentent, dans la s\u00e9rie des niveaux d&rsquo;organisation qui caract\u00e9risent le monde vivant, des unit\u00e9s structur\u00e9es \u00e0 l&rsquo;\u00e9chelle des populations, puisqu&rsquo;elles regroupent des ensembles d&rsquo;individus habitant \u00e0 une \u00e9poque donn\u00e9e dans un milieu donn\u00e9. Dans un tel syst\u00e8me, deux faits essentiels caract\u00e9risent l&rsquo;agencement des esp\u00e8ces : la distribution spatiale (ordonnance caract\u00e9ristique) et temporelle (ob\u00e9issant \u00e0 une s\u00e9quence de stades ou ph\u00e9nophases). (d&rsquo;apr\u00e8s 331)<\/li>\n\n\n\n<li><strong>Biotique (facteur)<\/strong> : se dit de l&rsquo;intervention de certains \u00eatres vivant sur l&rsquo;\u00e9cologie ou l&rsquo;\u00e9volution d&rsquo;une bioc\u00e9nose : pacage, parasitisme, transport de semences, ombrage forestier\u2026 ; quand cette action est due \u00e0 l&rsquo;homme, il s&rsquo;agit de facteurs anthropique ou anthropozoog\u00e8ne 942.<\/li>\n\n\n\n<li><strong>Biotope<\/strong> : aire g\u00e9ographique bien d\u00e9limit\u00e9e, caract\u00e9ris\u00e9e par des conditions \u00e9cologiques particuli\u00e8res (sol, climats, etc.) servant de support physique aux organismes qui constituent la bioc\u00e9nose 263. N.B. : l&rsquo;\u00e9cosyst\u00e8me est constitu\u00e9 par l&rsquo;ensemble. biotope + bioc\u00e9nose 942.<\/li>\n\n\n\n<li><strong>Communaut\u00e9<\/strong> : <em>syn.<\/em> de bioc\u00e9nose (Community) 263, 466, 675. Cela reste cependant discutable.<\/li>\n\n\n\n<li><strong>CORINE Biotopes<\/strong> : publi\u00e9e officiellement en 1991 pour les 12 pays de l&rsquo;Union europ\u00e9enne, la typologie CORINE Biotopes a \u00e9t\u00e9 \u00e9labor\u00e9e par le Conseil de l&rsquo;Europe dans le but de produire un standard europ\u00e9en de description hi\u00e9rarchis\u00e9e des milieux naturels. La classification est essentiellement fond\u00e9e sur la nomenclature phytosociologique mais int\u00e8gre des notions d&rsquo;esp\u00e8ces dominantes et de g\u00e9omorphologie. Actuellement, le catalogue CORINE Biotopes est le seul r\u00e9f\u00e9rentiel valid\u00e9 en Europe. Dans la pratique, la typologie CORINE Biotopes s&rsquo;av\u00e8re parfois peu op\u00e9rationnelle : c&rsquo;est tout d&rsquo;abord un r\u00e9f\u00e9rentiel europ\u00e9en qui ne peut pas tenir compte de toutes les particularit\u00e9s nationales voire r\u00e9gionales. Il est souvent difficile de rattacher un groupement v\u00e9g\u00e9tal identifi\u00e9 sur le terrain \u00e0 un code CORINE. De par ces difficult\u00e9s, l&rsquo;interpr\u00e9tation du catalogue CORINE peut varier selon les utilisateurs. Voir EUNIS.<\/li>\n\n\n\n<li><strong>Directive \u00ab&nbsp;Habitats&nbsp;\u00bb<\/strong> : Directive 92-43 \/ CEE du Conseil du 21 mai 1992 concernant la conservation des habitats naturels (Natura 2000) abritant les habitats naturels et les habitats d&rsquo;esp\u00e8ces de faune et de flore sauvages d&rsquo;int\u00e9r\u00eat communautaire. Elle comprend une annexe I (habitats naturels), une annexe II (esp\u00e8ces animales et v\u00e9g\u00e9tales) et une annexe III relative aux crit\u00e8res de s\u00e9lection des sites (source : Minist\u00e8re de l&rsquo;Environnement).<\/li>\n\n\n\n<li><strong>Directive europ\u00e9enne<\/strong> : texte adopt\u00e9 par les Etats membres de l&rsquo;Union europ\u00e9enne pr\u00e9voyant une obligation de r\u00e9sultat au regard des objectifs \u00e0 atteindre, tout en laissant \u00e0 chaque Etat le choix des moyens, notamment juridiques, pour y parvenir. Chaque Etat doit rendre son droit national conforme \u00e0 une directive europ\u00e9enne (source: Minist\u00e8re de l&rsquo;Environnement)<\/li>\n\n\n\n<li><strong>Dynamique v\u00e9g\u00e9tale<\/strong> : succession dans le temps des esp\u00e8ces et des groupements v\u00e9g\u00e9taux en un lieu donn\u00e9. La dynamique progressive conduit des stades pionniers vers des stades plus matures dits climaciques, en g\u00e9n\u00e9ral de types forestiers, en passant par tous les stades interm\u00e9diaires (prairie, formation arbustive). La dynamique est dite r\u00e9gressive lors du retour en arri\u00e8re, d\u00fb \u00e0 des causes naturelles (feu, glissement de terrain, \u00e9rosion, temp\u00eate\u2026) ou artificielles (d\u00e9frichement, p\u00e2turage\u2026) 187, 604.<\/li>\n\n\n\n<li><strong>Embroussaillement<\/strong> : implantation spontan\u00e9e de broussailles (arbustes, buissons), pr\u00e9c\u00e9dant g\u00e9n\u00e9ralement l&rsquo;apparition de jeunes arbres, dans un milieu non bois\u00e9 de type pelouse, prairie, marais\u2026 942.<\/li>\n\n\n\n<li><strong>Ensemble caract\u00e9ristique (en Phytosociologie)<\/strong> : la r\u00e9union des diverses caract\u00e9ristiques choisies parmi les ensembles \u00e9cologiques de base constitue le groupe caract\u00e9ristique de l&rsquo;association. Au sein de ce groupe, le dosage entre les caract\u00e9ristiques indiquera d&rsquo;un seul coup l&rsquo;\u00e9cologie de l&rsquo;association. Ce groupe forme une unit\u00e9 stable, toujours identique \u00e0 elle-m\u00eame. V\u00e9ritable noyau de base pour l&rsquo;association, il devra toujours \u00eatre consid\u00e9r\u00e9 en entier. Une esp\u00e8ces caract\u00e9ristique d&rsquo;association ne doit jamais \u00eatre s\u00e9par\u00e9e des autres caract\u00e9ristiques constituant le l&rsquo;ensemble caract\u00e9ristique. Le fait qu&rsquo;une esp\u00e8ce caract\u00e9ristique d&rsquo;association se rencontre dans le groupe caract\u00e9ristique de plusieurs groupements ne devra pas surprendre 1054.<\/li>\n\n\n\n<li><strong>Esp\u00e8ces d&rsquo;int\u00e9r\u00eat communautaire<\/strong> : esp\u00e8ces en danger ou vuln\u00e9rables ou rares ou end\u00e9miques (c&rsquo;est \u00e0 dire propres \u00e0 un territoire bien d\u00e9limit\u00e9) \u00e9num\u00e9r\u00e9es \u00e0 l&rsquo;annexe II de la directive et pour lesquelles doivent \u00eatre d\u00e9sign\u00e9es des Zones Sp\u00e9ciales de Conservation (Z.S.C.) (source: Minist\u00e8re de l&rsquo;environnement).<\/li>\n\n\n\n<li><strong>EUNIS<\/strong> : la classification europ\u00e9enne EUNIS est cens\u00e9 remplacer la classification CORINE Biotopes. Elle a \u00e9t\u00e9 d\u00e9velopp\u00e9e afin d&rsquo;harmoniser la description et l&rsquo;inventaire des donn\u00e9es sur les habitats en Europe. Il s&rsquo;agit d&rsquo;un syst\u00e8me hi\u00e9rarchique \u00e0 trois niveaux. Base V2 sur http:\/\/eunis.eea.europa.eu\/index.jsp<\/li>\n\n\n\n<li><strong>Facteur \u00e9cologique<\/strong> : \u00e9l\u00e9ment du milieu, de nature physique, chimique (Abiotique) ou biologique (Biotique), susceptible d&rsquo;agir directement sur la r\u00e9partition des organismes vivants, leur comportement et leur m\u00e9tabolisme 263. Plus pr\u00e9cis\u00e9ment, les facteurs abiotiques sont repr\u00e9sent\u00e9s par les ph\u00e9nom\u00e8nes physicochimiques (lumi\u00e8re, temp\u00e9rature, humidit\u00e9 de l&rsquo;air, composition chimique de l&rsquo;eau, pression atmosph\u00e9rique et hydrostatique, structure physique et chimique du substrat) et les facteurs biotiques sont d\u00e9termin\u00e9s par la pr\u00e9sence, \u00e0 c\u00f4t\u00e9 d&rsquo;un organisme, d&rsquo;organisme de la m\u00eame esp\u00e8ce ou d&rsquo;esp\u00e8ces diff\u00e9rentes, qui exercent sur lui une concurrence, une comp\u00e9tition, une pr\u00e9dation, un parasitisme, et en subissent \u00e0 leur tour l&rsquo;influence 331.<\/li>\n\n\n\n<li><strong>Gestion<\/strong> : Actions visant, dans une perspective de d\u00e9veloppement durable, \u00e0 entretenir le paysage afin de guider et d&rsquo;harmoniser les transformations induites par les \u00e9volutions sociales, \u00e9conomiques et environnementales.<\/li>\n\n\n\n<li><strong>Gradient hydrique<\/strong> : \u00ab\u00a0rapport de la variation du facteur hydrique en fonction de la distance ; le gradient, se d\u00e9clinant en six classes terme &#8211; \u00ab&nbsp;correspondance flore IDF 53&nbsp;\u00bb :\n<ul class=\"wp-block-list\">\n<li>i) x\u00e9rophile &#8211; \u00ab\u00a0XX\u00a0\u00bb;<\/li>\n\n\n\n<li>ii) m\u00e9sox\u00e9rophile &#8211; \u00ab\u00a0X\u00a0\u00bb;<\/li>\n\n\n\n<li>iii) m\u00e9sohydrique &#8211; \u00ab\u00a0m\u00a0\u00bb&amp;\u00a0\u00bbf\u00a0\u00bb;<\/li>\n\n\n\n<li>iv) hygroclines &#8211; \u00ab\u00a0h\u00a0\u00bb;<\/li>\n\n\n\n<li>v) m\u00e9sohygrophiles &#8211; \u00ab\u00a0hh\u00a0\u00bb;<\/li>\n\n\n\n<li>vi) hygrophiles &#8211; \u00ab\u00a0H\u00a0\u00bb.<\/li>\n\n\n\n<li>Notons, que les classes de la flore IDF 53 suivantes : m\u00e9sophiles \u00ab\u00a0m\u00a0\u00bb et de milieu frais \u00ab\u00a0f\u00a0\u00bb, ont \u00e9t\u00e9, r\u00e9unies sous le terme m\u00e9sohydrique (\u00e0 l&rsquo;initiative de Julve Ph, in 793). Ce dernier, qualifiant plus justement, un comportement moyen entre sec et humide. (d\u2019apr\u00e8s 53,363,793)\n<ul class=\"wp-block-list\">\n<li>X\u00e9rophiles -&gt; m\u00e9sox\u00e9rophiles -&gt; m\u00e9sohydriques -&gt; hygroclines -&gt; m\u00e9sohygrophiles -&gt; hygrophiles\u00a0\u00bb<\/li>\n<\/ul>\n<\/li>\n<\/ul>\n<\/li>\n\n\n\n<li><strong>Groupe \u00e9cologique<\/strong> : en phytosociologie, \u00e0 l&rsquo;int\u00e9rieur d&rsquo;un individu d&rsquo;association, les esp\u00e8ces diff\u00e9rentielles, forment des groupent \u00e9cologiques pr\u00e9sentant une forte corr\u00e9lation entre ceux-ci et un facteur du milieu physique (d&rsquo;apr\u00e8s 331,107).<\/li>\n\n\n\n<li><strong>Groupement v\u00e9g\u00e9tal<\/strong> : un groupement v\u00e9g\u00e9tal est une notion abstraite; il est d\u00e9fini sur une base statistique, \u00e0 partir d&rsquo;un \u00e9chantillonnage de relev\u00e9s floristiques de terrain, par l&rsquo;ensemble des taxa vivant \u00ab\u00a0statistiquement\u00a0\u00bb en commun dans les m\u00eame condition de milieu. Ces esp\u00e8ces constituent la \u00ab\u00a0combinaison caract\u00e9ristique d&rsquo;esp\u00e8ces\u00a0\u00bb propre au groupement v\u00e9g\u00e9tal (au syntaxon). D&rsquo;autre part, un groupement v\u00e9g\u00e9tal, traduit l&rsquo;influence d&rsquo;un certains nombre de facteurs \u00e9cologiques du milieu 965. Il peut aussi dans son sens commun, repr\u00e9senter un syntaxon \u00e9l\u00e9mentaire qui n&rsquo;est pas encore affili\u00e9 par manque de r\u00e9f\u00e9rence (on a pas encore reconnu si c&rsquo;est original ou si \u00e7\u00e0 peut se rattacher \u00e0 quelque chose de d\u00e9crit), en g\u00e9n\u00e9ral c&rsquo;est la cons\u00e9quence d&rsquo;un faible nombre d&rsquo;observations (relev\u00e9s) ou bien d&rsquo;un manque de temps de recherche (com. pers.)<\/li>\n\n\n\n<li><strong>Habitat<\/strong> : milieu, biotope, dans lequel vit une esp\u00e8ce donn\u00e9e ; c&rsquo;est son environnement particulier, imm\u00e9diat. Chaque v\u00e9g\u00e9tal affectionne plut\u00f4t tel habitat que tel autre, \u00e0 cause des particularit\u00e9s locales des facteurs \u00e9cologique du milieu qu&rsquo;il y rencontre et qui r\u00e9pondent \u00e0 ses exigences. <em>Syn.&nbsp;<\/em>: Oikos 263, 1229<\/li>\n\n\n\n<li><strong>Habitats d&rsquo;int\u00e9r\u00eat communautaire<\/strong> : Habitat \u00e9num\u00e9r\u00e9s \u00e0 l&rsquo;annexe I de la directive et pour lesquels doivent \u00eatre d\u00e9sign\u00e9es des Zones Sp\u00e9ciales de Conservation (Z.S.C). (source: Minist\u00e8re de l&rsquo;environnement) et correspondant g\u00e9n\u00e9ralement \u00e0 des habitats en danger ou ayant une aire de r\u00e9partition r\u00e9duite ou constituant des exemples remarquables de caract\u00e9ristiques propres \u00e0 une ou plusieurs des six r\u00e9gions biog\u00e9ographiques.<\/li>\n\n\n\n<li><strong>Lande<\/strong> : peuplement v\u00e9g\u00e9tal constitu\u00e9 majoritairement de buisson bas, plus ou moins serr\u00e9s. Au sens originel, d\u00e9signe dans l&rsquo;ouest de l&rsquo;Europe les peuplements sur sols acides \u00e0 Bruy\u00e8res (<em>Erica div. sp.<\/em>), ajoncs, gen\u00eats\u2026 Terme assez souvent \u00e9tendu aux formations v\u00e9g\u00e9tales buissonnantes d&rsquo;altitude (landes alpines) ou p\u00e9rim\u00e9diterran\u00e9ennes (garrigue, maquis) 942, 1505.<\/li>\n\n\n\n<li><strong>Nomenclature binomiale<\/strong> : syst\u00e8me d&rsquo;identification des esp\u00e8ces dans lequel chacune de celles-ci est d\u00e9sign\u00e9e par un double nom latin. Le premier pr\u00e9cise le genre et le second l&rsquo;esp\u00e8ce 261,263.<\/li>\n\n\n\n<li><strong>Oligotrophe<\/strong> : En botanique, se dit d&rsquo;une esp\u00e8ce v\u00e9g\u00e9tale qui s&rsquo;accommode fort bien d&rsquo;un milieu tr\u00e8s pauvre en \u00e9l\u00e9ments nutritifs, tr\u00e8s acide, et ne permettant qu&rsquo;une activit\u00e9 biologique r\u00e9duite 263, 358.<\/li>\n\n\n\n<li><strong>Pauciflore<\/strong> : qui ne porte qu&rsquo;un petit nombre de fleurs 262.<\/li>\n\n\n\n<li><strong>pH<\/strong> : mesure de degr\u00e9 d&rsquo;acidit\u00e9 ou d&rsquo;alcalinit\u00e9 d&rsquo;une solution, d&rsquo;un sol. Il s&rsquo;agit du logarithme d\u00e9cimal de l&rsquo;inverse de la concentration en ion H+. (Hydronium : H3O+, H+ hydrat\u00e9).<br \/>Notons, que contrairement en chimie, en biologie, le pH m\u00e9dian est de 5,5 et le gradient et les termes respectifs \u00e0 chaque degr\u00e9 se d\u00e9clinent de la fa\u00e7on suivante (pH : terme): 3 : hyperacidophile, 4 : acidophile, 5 : acidocline, 6 : neutrocline, 7 : neutrophile, 8 : basophile (com. pers.).<\/li>\n\n\n\n<li><strong>Phytocoenose<\/strong> : communaut\u00e9 v\u00e9g\u00e9tale (= ensemble d&rsquo;organismes v\u00e9g\u00e9taux, vivant rassembl\u00e9s dans un portion d\u00e9limit\u00e9e de l&rsquo;espace) form\u00e9e d&rsquo;un complexe de synusies v\u00e9g\u00e9tales organis\u00e9es spatialement, temporellement et fonctionnellement au sein d&rsquo;une m\u00eame biog\u00e9ocoenose et pr\u00e9sentant de fortes relations de d\u00e9pendance \u00e9cologique, dynamique et g\u00e9n\u00e9tique. Une phytocoenose est un syst\u00e8me complexe, relativement autonome par rapport aux phytocoenoses voisines, mais \u00e9cologiquement d\u00e9pendant du reste de la biog\u00e9ocoenose, dou\u00e9 d&rsquo;auto-organisation et d&rsquo;hom\u00e9ostasie (= propri\u00e9t\u00e9s \u00e9mergentes li\u00e9es \u00e0 la diff\u00e9renciation des synusies, \u00e0 l&rsquo;installation de cycles de r\u00e9g\u00e9n\u00e9ration et \u00e0 la cr\u00e9ation d&rsquo;un milieu endog\u00e8ne, ce dernier correspondant \u00e0 l&rsquo;ensemble des \u00e9l\u00e9ments du milieu cr\u00e9\u00e9s ou modifi\u00e9s par les \u00eatres vivants) 1015.<\/li>\n\n\n\n<li><strong>Phyto\u00e9cologie<\/strong> : \u00e9tude des tendances \u00ab naturelles \u00bb que manifestent des populations d&rsquo;esp\u00e8ces diff\u00e9rentes \u00e0 cohabiter dans une communaut\u00e9 v\u00e9g\u00e9tale ou au contraire \u00e0 s&rsquo;exclure 727.<\/li>\n\n\n\n<li><strong>Phytosociologie<\/strong> : c&rsquo;est l&rsquo;\u00e9tude descriptive et causale des associations v\u00e9g\u00e9tales. La premi\u00e8re d\u00e9marche de la p. est la comparaison des listes d&rsquo;esp\u00e8ces pour les distribuer entre des cat\u00e9gories : ass. v\u00e9g\u00e9tales. Les deux types d&rsquo;op\u00e9rations fondamentales sont :<br \/>i) l&rsquo;une analytique (ex\u00e9cution des relev\u00e9s) ;<br \/>ii) l&rsquo;autre synth\u00e9tique (relative \u00e0 la confrontation de ceux-ci).<br \/>Ainsi, cette m\u00e9thode est envisag\u00e9e par l&rsquo;\u00e9cole sigmatiste comme une rationalisation de la floristique. Notons que la p. synusiale int\u00e9gr\u00e9e est une \u00e9volution de celle-ci, dont la composante fondamentale est la notion d&rsquo;\u00e9cologie syst\u00e9mique (d&rsquo;apr\u00e8s 37,331,223,727).<\/li>\n\n\n\n<li><strong>R\u00e9seau Natura 2000<\/strong> : R\u00e9seau \u00e9cologique europ\u00e9en coh\u00e9rent form\u00e9 par les Zones de Protection Sp\u00e9ciales et les Zones Sp\u00e9ciales de Conservation. Dans les zones de ce r\u00e9seau, les Etats Membres s&rsquo;engagent \u00e0 maintenir dans un \u00e9tat de conservation favorable les types d&rsquo;habitats et d&rsquo;esp\u00e8ces concern\u00e9s. Pour ce faire, ils peuvent utiliser des mesures r\u00e9glementaires, administratives ou contractuelles (source : Minist\u00e8re de de l&rsquo;environnement).<br \/>La constitution du r\u00e9seau Natura 2000 a pour objectif de maintenir la diversit\u00e9 biologique des milieux, tout en tenant compte des exigences \u00e9conomiques, sociales, culturelles et r\u00e9gionales dans une logique de d\u00e9veloppement durable. Le r\u00e9seau Natura 2000 est r\u00e9git par deux directives europ\u00e9ennes d\u00e9clin\u00e9es en droit fran\u00e7ais qui donnent lieu \u00e0 la cr\u00e9ation de deux zonages diff\u00e9rents :<br \/>\u2013 la Zone de Protection Sp\u00e9ciale La directive \u00ab Oiseaux \u00bb de 1979 concerne la conservation des oiseaux sauvages. Les annexes de cette Directive d\u00e9signent notamment les esp\u00e8ces d&rsquo;oiseaux les plus menac\u00e9es de la Communaut\u00e9 europ\u00e9enne devant faire l&rsquo;objet de mesures de conservation sp\u00e9ciales concernant leur habitat. La mise en \u0153uvre de cette Directive se fait par la mise en place de Zones de Protection Sp\u00e9ciales (ZPS), ces zones \u00e9tant directement issues des anciennes ZICO.<br \/>\u2013 la Zone Sp\u00e9ciale de Conservation La directive \u00ab Habitats-Faune-Flore \u00bb de 1992 a pour objectif la conservation d&rsquo;habitats naturels ou semi-naturels \u00e0 forte valeur \u00e9cologique, rares et\/ou menac\u00e9s, ainsi que d&rsquo;esp\u00e8ces de faune et de flore menac\u00e9es et\/ou dont le r\u00f4le dans l&rsquo;\u00e9cosyst\u00e8me est primordial.\u00a0\u00bb<\/li>\n\n\n\n<li><strong>Restauration<\/strong> : intervention dans un milieu pour y r\u00e9tablir un \u00e9cosyst\u00e8me (ou une esp\u00e8ce) consid\u00e9r\u00e9 comme indig\u00e8ne et historique. Il suffit parfois simplement d&rsquo;arr\u00eater ou contr\u00f4ler les actions humaines sur ce milieu (par un entretien adapt\u00e9). Il faut pour ce faire que l&rsquo;\u00e9cosyst\u00e8me soit encore sur sa trajectoire d&rsquo;\u00e9volution normale et puisse avoir encore la facult\u00e9 de r\u00e9agir positivement (on appelle cette derni\u00e8re fonction : \u00ab&nbsp;la r\u00e9silience&nbsp;\u00bb). Certains parlent dans ce cas de \u00ab restauration passive \u00bb par opposition \u00e0 la \u00ab restauration active \u00bb, plus couramment appel\u00e9e \u00ab r\u00e9habilitation (D&rsquo;apr\u00e8s D. Feuillas) et 1483.<\/li>\n\n\n\n<li><strong>Site<\/strong> : le crit\u00e8re de d\u00e9finition d&rsquo;un site, para\u00eet \u00eatre d&rsquo;une part, une certaine homog\u00e9n\u00e9it\u00e9 g\u00e9omorphologique et d&rsquo;autre part, un isolement g\u00e9ographique, c&rsquo;est \u00e0 dire une absence de continuit\u00e9 spatiale de v\u00e9g\u00e9tation (absence de connectivit\u00e9) avec un autre site de m\u00eame g\u00e9omorphologie. (d&rsquo;apr\u00e8s 187). Cependant dans le cadre d&rsquo;\u00e9tude \u00ab&nbsp;sitologique&nbsp;\u00bb, la notion de site est plus pragmatique et li\u00e9e \u00e0 une propri\u00e9t\u00e9.<\/li>\n\n\n\n<li><strong>Station<\/strong> : \u00e9tendue de terrain de superficie variable, homog\u00e8ne dans ses conditions physiques et biologique et qui est caract\u00e9ris\u00e9 par une v\u00e9g\u00e9tation uniforme. Dans une station donn\u00e9e, il existe ordinairement plusieurs individus d&rsquo;association. (d&rsquo;apr\u00e8s 331, 358) Rq. : ne pas confondre avec la notion de station foresti\u00e8re qui est &#8211; avant toute chose &#8211; un outil de diagnostic pr\u00e9cis et finalis\u00e9 vers la gestion foresti\u00e8re 181. Cependant, la notion la plus admise, au moins chez les botanistes fran\u00e7ais, est celle du secr\u00e9tariat Faune et Flore du Mus\u00e9um National d&rsquo;Histoire Naturelle. Cet organisme consid\u00e8re comme une station tout lieu o\u00f9 se localise un effectif plus ou moins grand d&rsquo;individus d&rsquo;un taxon \u00e9tudi\u00e9, effectif spatialement isol\u00e9 d&rsquo;au moins une cinquantaine de m\u00e8tres d&rsquo;un autre effectif du m\u00eame taxon. Cette notion est \u00e9quivalente \u00e0 celle de sous-population, c\u2019est-\u00e0-dire de groupe distinct d&rsquo;individus de m\u00eame taxon, mais ne pr\u00e9sentant pas d&rsquo;\u00e9change g\u00e9n\u00e9tique (d&rsquo;apr\u00e8s 187, 1018)<\/li>\n\n\n\n<li><strong>St\u00e9noh\u00e8ce<\/strong> : se dit d&rsquo;une esp\u00e8ce incapable de peupler des milieux caract\u00e9ris\u00e9s par des variations plus ou moins accentu\u00e9es des facteurs \u00e9cologiques 263.<\/li>\n\n\n\n<li><strong>Syn\u00e9cologie<\/strong> : \u00e9tude \u00e9cologique combin\u00e9e des exigences globales de l&rsquo;ensemble des acteurs d&rsquo;une bioc\u00e9nose. C&rsquo;est donc une approche synth\u00e9tique de la communaut\u00e9 active avec toutes les interactions li\u00e9es 6,37. <em>Syn.<\/em> De bioc\u00e9notique : qui a pour objet l&rsquo;\u00e9tude des bioc\u00e9noses 263.<\/li>\n\n\n\n<li><strong>Th\u00e9rophyte<\/strong> : on d\u00e9signe par ce terme une plante qui effectue son cycle de d\u00e9veloppement en quelques mois (usuellement entre le printemps P et l&rsquo;automne A sous nos climats) et dont ne subsistent, \u00e0 l&rsquo;entr\u00e9e de l&rsquo;hiver, que les graines qui engendreront de nouveaux individus l&rsquo;an suivant. (d&rsquo;apr\u00e8s 262). <em>Syn.<\/em>: plante annuelle.<\/li>\n\n\n\n<li><strong>Tourbeux<\/strong> : type de sol hydromorphe ou horizon constitu\u00e9 essentiellement de mati\u00e8re organique noire ou brune \u00e0 structure fibreuse, granuleuse ou feuillet\u00e9e produite par la d\u00e9composition par fiel et de d\u00e9bris v\u00e9g\u00e9taux, qui s&rsquo;est accumul\u00e9e dans l&rsquo;eau ou dans un milieu satur\u00e9 en eau (d&rsquo;apr\u00e8s 59, 263).<\/li>\n\n\n\n<li><strong>Valeur patrimoniale<\/strong> : valeur attribu\u00e9e \u00e0 des milieux, esp\u00e8ces ou ressources naturelles qui pr\u00e9sentent un int\u00e9r\u00eat tel qu&rsquo;ils doivent \u00eatre conserv\u00e9s et transmis aux g\u00e9n\u00e9rations futures, qui appartiennent \u00e0 l&rsquo;h\u00e9ritage collectif.<\/li>\n\n\n\n<li><strong>V\u00e9g\u00e9tation<\/strong> : la v\u00e9g\u00e9tation est l&rsquo;ensemble architectural, qui r\u00e9sulte de l&rsquo;agencement dans l&rsquo;espace des types de v\u00e9g\u00e9taux pr\u00e9sent sur une portion quelconque de territoire g\u00e9ographique. La description de la v\u00e9g\u00e9tation consiste \u00e0 observer et \u00e0 d\u00e9limiter les ensembles structuraux qui la caract\u00e9risent. Dans le cas de la d\u00e9marche phyto-\u00e9cologique, cette phase ne constitue g\u00e9n\u00e9ralement qu&rsquo;une \u00e9tape tr\u00e8s pr\u00e9liminaire de l&rsquo;\u00e9tude de la v\u00e9g\u00e9tation. Les ensembles structuraux peuvent \u00eatre distribu\u00e9s : i) horizontalement (ce sont les \u00e9l\u00e9ments de v\u00e9g\u00e9tation) ii) et verticalement (ce sont les strates de v\u00e9g\u00e9tation). (d&rsquo;apr\u00e8s 727). Notons que cette d\u00e9finition est variable selon les organismes (Conservatoire Botanique Nationaux, par exemple, dont l&rsquo;auteur de cette \u00e9tude est issu).<\/li>\n\n\n\n<li><strong>Zones Sp\u00e9ciales de Conservation (ZSC)<\/strong> : sites d\u00e9sign\u00e9s par les \u00c9tats membres de l&rsquo;Union europ\u00e9enne au titre de la directive 92-43 \/ CEE dite directive \u00ab Habitats \u00bb (source : minist\u00e8re de l&rsquo;Environnement).<\/li>\n<\/ul>\n\n\n\n<hr class=\"wp-block-separator has-alpha-channel-opacity\"\/>\n\n\n\n<p>Source :<\/p>\n\n\n\n<ul class=\"wp-block-list\">\n<li>BARDAT J., BIORET F., BOTINEAU M., BOULLET V., DELPECH R., G\u00c9HU J.-M., HAURY J., LACOSTE A., RAMEAU J.-C., ROYER J.-M., ROUX G. et TOUFFET J., Prodrome des v\u00e9g\u00e9tations de France.<\/li>\n\n\n\n<li>COSTE H., Flore descriptive et illustr\u00e9e de la France, de la Corse et des contr\u00e9es limitrophes &#8211; 3 volumes.<\/li>\n\n\n\n<li>COUPLAN F., Dictionnaire \u00e9tymologique de Botanique.<\/li>\n\n\n\n<li>PARADIS G., Cours profess\u00e9 de Botanique.<\/li>\n\n\n\n<li>JULVE P., Synopsis phytosociologique de la France (communaut\u00e9s de plantes vasculaires).<\/li>\n\n\n\n<li>OBERDORFER E., Pflanzensoziologische Exkursionsflora.<\/li>\n\n\n\n<li>PROVOST M., Flore vasculaire de Basse-Normandie &#8211; Tome 2 &#8211; Renseignements et commentaires sur les esp\u00e8ces.<\/li>\n\n\n\n<li>STACE C., New Flora of the British isles.<\/li>\n\n\n\n<li>CATTEAU E. (<em>coord.<\/em>), V\u00e9g\u00e9tation du nord de la France &#8211; Guide de d\u00e9termination.<\/li>\n\n\n\n<li>BIBLIOTH\u00c8QUE PERSONNELLE (me consulter pour avoir les r\u00e9f\u00e9rences pr\u00e9cises en me pr\u00e9cisant le n\u00b0 inform\u00e9)<br \/>Source web :<\/li>\n\n\n\n<li>R\u00e9f\u00e9rentiels syntaxonomiques r\u00e9gionaux de la v\u00e9g\u00e9tation du nord de la France (https:\/\/www.cbnbl.org)<\/li>\n\n\n\n<li>www.inpn.mnhn.fr<\/li>\n\n\n\n<li><a href=\"https:\/\/www.tela-botanica.org\/\">www.tela-botanica.org<\/a> (eFlore)<\/li>\n\n\n\n<li>www.tourismebretagne.com<\/li>\n\n\n\n<li>www.wikipedia.org<\/li>\n<\/ul>\n\n\n\n<hr class=\"wp-block-separator has-alpha-channel-opacity\"\/>\n\n\n\n<p>Clich\u00e9s :<\/p>\n\n\n\n<ul class=\"wp-block-list\">\n<li>Gaby AR BRAZ Dirlem &#8211; APN : OM \u00ab&nbsp;Tough&nbsp;\u00bb TG-7 &#8211; Ecosystema.fr \u2122 \u00a9 &#8211; 2024 (<em>Drosera intermedia<\/em> aux Blancs Sablons &#8211; Finist\u00e8re)<\/li>\n\n\n\n<li>Gaby AR BRAZ Dirlem &#8211; Diapositive : Fuji Velvia 50 ISO &#8211; Ecosystema.fr \u2122 \u00a9 &#8211; 1995 (<em>Drosera rotundifolia<\/em> sur le Venec &#8211; Finist\u00e8re)<\/li>\n<\/ul>\n\n\n\n<hr class=\"wp-block-separator has-alpha-channel-opacity\"\/>\n\n\n\n<p>Licence Creative Commons : CC BY-NC-ND 3.0 &#8211; Pas d\u2019utilisation commerciale \/ Pas de modification.<\/p>\n","protected":false},"excerpt":{"rendered":"<p>L&rsquo;occasion d&rsquo;une sortie GRETIA (Groupe d&rsquo;\u00e9tude des invert\u00e9br\u00e9s armoricains), dans une lande humide des Blancs Sablon, cet \u00e9t\u00e9 2024 et de la photographie ci-dessus, est l&rsquo;occasion pour moi de vous reparler d&rsquo;un genre sympathique et bien connu :\u00a0 Drosera div. sp.\u2028Mais, d\u00e9j\u00e0, un grand merci \u00e0 toute l\u2019\u00e9quipe de l\u2019antenne \u00ab\u00a0Bretagne\u00a0\u00bb, qui durant tout le stage, ont m\u00eal\u00e9 passion et partage intellectuel, sur les invert\u00e9br\u00e9s.<\/p>\n","protected":false},"author":1,"featured_media":3638,"comment_status":"closed","ping_status":"open","sticky":false,"template":"","format":"standard","meta":{"footnotes":""},"categories":[4,5,9,19,20,25,26,29,30],"tags":[],"class_list":["post-3622","post","type-post","status-publish","format-standard","has-post-thumbnail","hentry","category-bibliographie","category-bretagne","category-ecologie","category-flore","category-flore-habitats","category-landes-pelouses-mares-et-forets-sur-sols-acides","category-massif-armoricain","category-phytosociologie","category-prairies-et-bas-marais-tourbeux"],"jetpack_featured_media_url":"https:\/\/ecosystema.fr\/wp-content\/uploads\/2024\/08\/otg70664-2-3-1.jpg","_links":{"self":[{"href":"https:\/\/ecosystema.fr\/index.php\/wp-json\/wp\/v2\/posts\/3622","targetHints":{"allow":["GET"]}}],"collection":[{"href":"https:\/\/ecosystema.fr\/index.php\/wp-json\/wp\/v2\/posts"}],"about":[{"href":"https:\/\/ecosystema.fr\/index.php\/wp-json\/wp\/v2\/types\/post"}],"author":[{"embeddable":true,"href":"https:\/\/ecosystema.fr\/index.php\/wp-json\/wp\/v2\/users\/1"}],"replies":[{"embeddable":true,"href":"https:\/\/ecosystema.fr\/index.php\/wp-json\/wp\/v2\/comments?post=3622"}],"version-history":[{"count":15,"href":"https:\/\/ecosystema.fr\/index.php\/wp-json\/wp\/v2\/posts\/3622\/revisions"}],"predecessor-version":[{"id":3685,"href":"https:\/\/ecosystema.fr\/index.php\/wp-json\/wp\/v2\/posts\/3622\/revisions\/3685"}],"wp:featuredmedia":[{"embeddable":true,"href":"https:\/\/ecosystema.fr\/index.php\/wp-json\/wp\/v2\/media\/3638"}],"wp:attachment":[{"href":"https:\/\/ecosystema.fr\/index.php\/wp-json\/wp\/v2\/media?parent=3622"}],"wp:term":[{"taxonomy":"category","embeddable":true,"href":"https:\/\/ecosystema.fr\/index.php\/wp-json\/wp\/v2\/categories?post=3622"},{"taxonomy":"post_tag","embeddable":true,"href":"https:\/\/ecosystema.fr\/index.php\/wp-json\/wp\/v2\/tags?post=3622"}],"curies":[{"name":"wp","href":"https:\/\/api.w.org\/{rel}","templated":true}]}}