{"id":3545,"date":"2019-11-17T20:38:00","date_gmt":"2019-11-17T19:38:00","guid":{"rendered":"https:\/\/ecosystema.fr\/?p=3545"},"modified":"2024-07-17T17:39:10","modified_gmt":"2024-07-17T15:39:10","slug":"des-performances-robustes-dans-tous-les-environnements-lapn-tg-6-est-construit-pour-les-naturalistes-bretons-et-deurope-atlantique","status":"publish","type":"post","link":"https:\/\/ecosystema.fr\/index.php\/2019\/11\/17\/des-performances-robustes-dans-tous-les-environnements-lapn-tg-6-est-construit-pour-les-naturalistes-bretons-et-deurope-atlantique\/","title":{"rendered":"Des performances robustes dans tous les environnements : l\u2019APN TG-6 est construit pour les naturalistes Bretons et d\u2019Europe atlantique ^^"},"content":{"rendered":"\n<figure class=\"wp-block-image size-large\"><img loading=\"lazy\" decoding=\"async\" width=\"300\" height=\"200\" src=\"https:\/\/ecosystema.fr\/wp-content\/uploads\/2024\/07\/preview_olympus_tg6_keyvisual_3-2_img_768-1-1-300x200.jpg\" alt=\"\" class=\"wp-image-3558\" srcset=\"https:\/\/ecosystema.fr\/wp-content\/uploads\/2024\/07\/preview_olympus_tg6_keyvisual_3-2_img_768-1-1-300x200.jpg 300w, https:\/\/ecosystema.fr\/wp-content\/uploads\/2024\/07\/preview_olympus_tg6_keyvisual_3-2_img_768-1-1.jpg 768w\" sizes=\"auto, (max-width: 300px) 100vw, 300px\" \/><figcaption class=\"wp-element-caption\">Olympus Tough TG-6, compact et toujours aussi robuste<\/figcaption><\/figure>\n\n\n\n<figure class=\"wp-block-pullquote\"><blockquote><p>\u00ab&nbsp;Un vrai naturaliste fait fi des \u00e9l\u00e9ments m\u00e9t\u00e9orologiques, et surtout, il reste humble devant son ignorance.&nbsp;\u00bb<\/p><cite>Bivouac \u00e0 la Pointe du Raz, Finist\u00e8re &#8211; FRANCE le 03 octobre 2019<\/cite><\/blockquote><\/figure>\n\n\n\n<p>Etant possesseur de plusieurs pr\u00e9d\u00e9cesseurs de \u00ab&nbsp;Tough&nbsp;\u00bb TG (j\u2019ai acquis un TG-1 lors de mon activit\u00e9 de lib\u00e9ral, pour remplacer un autre Olympus de terrain (\u00e9tanch\u00e9it\u00e9s et solidit\u00e9), je puis uniquement louer la qualit\u00e9 de conception de l\u2019Appareil Photographique Num\u00e9rique (APN), que j\u2019utilisais dans le cadre de mes missions d\u2019\u00e9cologue naturaliste.<\/p>\n\n\n\n<p>Je pr\u00e9cise que depuis 2014, je pratique une activit\u00e9 b\u00e9n\u00e9vole d\u2019\u00e9cologue naturaliste. Ajoutez \u00e0 cela, des vacations universitaires et du jury d\u2019examen pour les BTS Gestion et Protection de la Nature et M1-2 en Environnement.<\/p>\n\n\n\n<p>Mod\u00e8le \u00ab haut de gamme \u00bb de la famille des compacts (\u00ab&nbsp;Experts&nbsp;\u00bb) renforc\u00e9s \u00ab&nbsp;Tough&nbsp;\u00bb d&rsquo;Olympus, le TG-5 \u00e0 repris ce qui a fait le succ\u00e8s de ces pr\u00e9d\u00e9cesseurs, \u00e0 savoir un design monobloc hyper r\u00e9sistant et une optique qui ouvre \u00e0 f\/2 en grand angle. Ainsi, l&rsquo;\u00e9ternel plan optique \u2014 toujours la m\u00eame depuis le TG-1 !<\/p>\n\n\n\n<p>Il apporte cependant un autofocus performant et une rafale g\u00e9n\u00e9reuse pour capter (par exemple) le vol d\u2019Insecta butineurs (Lepidoptera, hymenoptera\u2026). Ajoutez \u00e0 cela, il fait de la vid\u00e9o en 4K (contre du 4K 30P sur mon TG-5).<\/p>\n\n\n\n<p>C\u2019est donc avec beaucoup d\u2019impatiences que j\u2019attends d\u2019acqu\u00e9rir le tout nouvel Olympus Tough TG-6, ce No\u00ebl 2019 \ud83c\udf85 ; un appareil annonc\u00e9 compact et toujours aussi robuste. Je puis le confirmer lors d\u2019\u00e9tudes p\u00e9dologiques (sols), avec pluie, terre et pierres. Je pr\u00e9cise que 2019 est une ann\u00e9e fondatrice gr\u00e2ce \u00e0 ma compagne Lila \u2665\ufe0f.<\/p>\n\n\n\n<p>\u00c0 cela, l\u2019Olympus Tough TG-5 (que je poss\u00e8de) procure une qualit\u00e9 d\u2019image toujours impressionnante dans un bo\u00eetier incroyablement compact et extr\u00eamement solide.<\/p>\n\n\n\n<p>Prochainement et avec le Tough TG-6, Olympus renouvelle sa gamme des appareils photos compacts, r\u00e9sistants et \u00e9tanches. Le TG-6 sera en vente d\u00e8s le d\u00e9but du mois de juillet 2019 ; je suis impatient, vivement d\u00e9cembre !<\/p>\n\n\n\n<p>Ainsi, comme annonc\u00e9 sur le papier, le nouveau TG-6 embarque non seulement les performances constat\u00e9es des Olympus \u00ab&nbsp;Tough&nbsp;\u00bb, un syst\u00e8me complet de capteurs de terrain et la capacit\u00e9 de capturer les plus petits d\u00e9tails et les couleurs les plus vives avec une qualit\u00e9 honorable (je pr\u00e9cise, que je poss\u00e8de un D700 Nikon et des objectifs macro (60 mm et 110 mm), je suis donc tr\u00e8s exigeant ; mais le rapport de poids est \u00e0 prendre notablement en compte, lors de mes sorties de terrain), mais il apporte aussi de nombreuses am\u00e9liorations et de nouvelles fonctionnalit\u00e9s : un mode photo macro plus polyvalent (cool !) et un meilleur \u00e9cran avec une r\u00e9solution am\u00e9lior\u00e9e.<\/p>\n\n\n\n<p>Ce dernier mode macro est vraiment tr\u00e8s adapt\u00e9 au naturalisme (dont la Bryologie, l\u2019Entomologie, la Botanique, etc.).<\/p>\n\n\n\n<p>Le \u00ab&nbsp;Tough&nbsp;\u00bb TG-6 a \u00e9t\u00e9 con\u00e7u pour \u00eatre un partenaire pratique et fiable, pr\u00eat \u00e0 affronter les conditions photographiques les plus rudes (je confirme avec la game TG 1 et suivant).<br \/>Il est \u00e9tanche(1) jusqu\u2019\u00e0 une profondeur de 15 m, r\u00e9sistant \u00e0 la poussi\u00e8re(1), aux chutes(1) jusqu\u2019\u00e0 une hauteur de 2,1 m, \u00e0 l\u2019\u00e9crasement(1) jusqu\u2019\u00e0 100 kg, et au froid1 jusqu\u2019\u00e0 &#8211; 10\u2009\u00b0C. Il dispose aussi devant son optique d\u2019un verre de protection \u00e0 double vitrage pour une excellente performance antibu\u00e9e.<br \/>Le c\u00e9l\u00e8bre syst\u00e8me de capteurs d\u2019environnement Olympus permet d\u2019enregistrer des donn\u00e9es sur l\u2019activit\u00e9 telles que l\u2019emplacement, l\u2019altitude\/profondeur, ainsi que la temp\u00e9rature de l\u2019air\/eau (limnologie ou \u00e9cologie marine) tout en prenant des photos ou en tournant des vid\u00e9os.<br \/>Pour la pratique naturaliste, sur terre (\u00e9galement en Limnologie par exemple), il permet de documenter votre terrain avec fiabilit\u00e9 et performance.<\/p>\n\n\n\n<h2 class=\"wp-block-heading\">Qualit\u00e9 d&rsquo;image impressionnante Grace a un objectif ultra-lumineux, un capteur haute vitesse et le tout dernier processeur d&rsquo;images Olympus.<\/h2>\n\n\n\n<p>\u00c9quip\u00e9 d\u2019un objectif de r\u00e9f\u00e9rence avec une luminosit\u00e9 F\/2.0(2) et d\u2019un capteur haute vitesse \u00ab CMOS \u00bb r\u00e9tro\u00e9clair\u00e9 qui procure de respectables performances en sensibilit\u00e9 \u00e9lev\u00e9e (avec grain notable pour ce type de format, mais exploitable pour l\u2019usage de m\u00e9dia de type Keynote, Vid\u00e9oprojections et rapports d\u2019expertises naturalistes), le \u00ab&nbsp;Tough&nbsp;\u00bb TG-6 permet aux professionnels de prendre des photos et vid\u00e9os, incroyable dans un tel \u00ab form factor \u00bb (qualit\u00e9, par rapport \u00e0 l\u2019encombrement ; Poids d\u2019environ 250 g).<br \/>Un nouveau t\u00e9l\u00e9convertisseur num\u00e9rique double le facteur de zoom, en passant d\u2019un zoom optique x4 \u00e0 un zoom maximal x8. Le traitement antireflet (AR) appliqu\u00e9 sur le filtre du capteur r\u00e9duit les images fant\u00f4mes et les lumi\u00e8res parasites tandis que le processeur d\u2019images \u00ab TruePic VIII \u00bb (d\u00e9velopp\u00e9 pour l\u2019appareil photo professionnel OM-D E- M1X !), aide \u00e0 r\u00e9duire les niveaux de bruit et am\u00e9liore la r\u00e9solution dans les zones \u00e0 faible contraste.<\/p>\n\n\n\n<figure class=\"wp-block-gallery has-nested-images columns-default is-cropped wp-block-gallery-1 is-layout-flex wp-block-gallery-is-layout-flex\">\n<figure class=\"wp-block-image size-large\"><img loading=\"lazy\" decoding=\"async\" width=\"1024\" height=\"768\" data-id=\"3573\" src=\"https:\/\/ecosystema.fr\/wp-content\/uploads\/2024\/07\/img_0228-1-1024x768.jpg\" alt=\"\" class=\"wp-image-3573\" srcset=\"https:\/\/ecosystema.fr\/wp-content\/uploads\/2024\/07\/img_0228-1-1024x768.jpg 1024w, https:\/\/ecosystema.fr\/wp-content\/uploads\/2024\/07\/img_0228-1-300x225.jpg 300w, https:\/\/ecosystema.fr\/wp-content\/uploads\/2024\/07\/img_0228-1-768x576.jpg 768w, https:\/\/ecosystema.fr\/wp-content\/uploads\/2024\/07\/img_0228-1-1536x1152.jpg 1536w, https:\/\/ecosystema.fr\/wp-content\/uploads\/2024\/07\/img_0228-1-809x607.jpg 809w, https:\/\/ecosystema.fr\/wp-content\/uploads\/2024\/07\/img_0228-1.jpg 1600w\" sizes=\"auto, (max-width: 1024px) 100vw, 1024px\" \/><figcaption class=\"wp-element-caption\">GR 380 &#8211; 08\/2018<\/figcaption><\/figure>\n\n\n\n<figure class=\"wp-block-image\"><img loading=\"lazy\" decoding=\"async\" width=\"768\" height=\"1024\" data-id=\"3568\" src=\"https:\/\/ecosystema.fr\/wp-content\/uploads\/2024\/07\/ecosystema_gabydirlem_068-1-768x1024.jpg\" alt=\"\" class=\"wp-image-3568\" srcset=\"https:\/\/ecosystema.fr\/wp-content\/uploads\/2024\/07\/ecosystema_gabydirlem_068-1-768x1023.jpg 768w, https:\/\/ecosystema.fr\/wp-content\/uploads\/2024\/07\/ecosystema_gabydirlem_068-1-225x300.jpg 225w, https:\/\/ecosystema.fr\/wp-content\/uploads\/2024\/07\/ecosystema_gabydirlem_068-1-809x1078.jpg 809w, https:\/\/ecosystema.fr\/wp-content\/uploads\/2024\/07\/ecosystema_gabydirlem_068-1.jpg 866w\" sizes=\"auto, (max-width: 768px) 100vw, 768px\" \/><figcaption class=\"wp-element-caption\">Erica tetralix<\/figcaption><\/figure>\n\n\n\n<figure class=\"wp-block-image\"><img loading=\"lazy\" decoding=\"async\" width=\"1024\" height=\"768\" data-id=\"3569\" src=\"https:\/\/ecosystema.fr\/wp-content\/uploads\/2024\/07\/ecosystema_gabydirlem_061-1-1024x768.jpg\" alt=\"\" class=\"wp-image-3569\" srcset=\"https:\/\/ecosystema.fr\/wp-content\/uploads\/2024\/07\/ecosystema_gabydirlem_061-1-1024x768.jpg 1024w, https:\/\/ecosystema.fr\/wp-content\/uploads\/2024\/07\/ecosystema_gabydirlem_061-1-300x225.jpg 300w, https:\/\/ecosystema.fr\/wp-content\/uploads\/2024\/07\/ecosystema_gabydirlem_061-1-768x576.jpg 768w, https:\/\/ecosystema.fr\/wp-content\/uploads\/2024\/07\/ecosystema_gabydirlem_061-1-809x607.jpg 809w, https:\/\/ecosystema.fr\/wp-content\/uploads\/2024\/07\/ecosystema_gabydirlem_061-1.jpg 1154w\" sizes=\"auto, (max-width: 1024px) 100vw, 1024px\" \/><figcaption class=\"wp-element-caption\"><em>Actinia equina<\/em> (<strong><em>Actiniaria<\/em><\/strong>)<\/figcaption><\/figure>\n\n\n\n<figure class=\"wp-block-image\"><img loading=\"lazy\" decoding=\"async\" width=\"1024\" height=\"768\" data-id=\"3571\" src=\"https:\/\/ecosystema.fr\/wp-content\/uploads\/2024\/07\/ecosystema_gabydirlem_082-1-1024x768.jpg\" alt=\"\" class=\"wp-image-3571\" srcset=\"https:\/\/ecosystema.fr\/wp-content\/uploads\/2024\/07\/ecosystema_gabydirlem_082-1-1024x768.jpg 1024w, https:\/\/ecosystema.fr\/wp-content\/uploads\/2024\/07\/ecosystema_gabydirlem_082-1-300x225.jpg 300w, https:\/\/ecosystema.fr\/wp-content\/uploads\/2024\/07\/ecosystema_gabydirlem_082-1-768x576.jpg 768w, https:\/\/ecosystema.fr\/wp-content\/uploads\/2024\/07\/ecosystema_gabydirlem_082-1-809x607.jpg 809w, https:\/\/ecosystema.fr\/wp-content\/uploads\/2024\/07\/ecosystema_gabydirlem_082-1.jpg 1154w\" sizes=\"auto, (max-width: 1024px) 100vw, 1024px\" \/><figcaption class=\"wp-element-caption\"><em>Mastocarpus stellatus<\/em> (thalle gam\u00e9tophyte. &amp; t\u00e9trasporophyte encro\u00fbtant)<\/figcaption><\/figure>\n\n\n\n<figure class=\"wp-block-image\"><img loading=\"lazy\" decoding=\"async\" width=\"300\" height=\"225\" data-id=\"3570\" src=\"https:\/\/ecosystema.fr\/wp-content\/uploads\/2024\/07\/gabyarbraz_147-1-300x225.jpg\" alt=\"\" class=\"wp-image-3570\" srcset=\"https:\/\/ecosystema.fr\/wp-content\/uploads\/2024\/07\/gabyarbraz_147-1-300x225.jpg 300w, https:\/\/ecosystema.fr\/wp-content\/uploads\/2024\/07\/gabyarbraz_147-1-768x576.jpg 768w, https:\/\/ecosystema.fr\/wp-content\/uploads\/2024\/07\/gabyarbraz_147-1-809x607.jpg 809w, https:\/\/ecosystema.fr\/wp-content\/uploads\/2024\/07\/gabyarbraz_147-1.jpg 1024w\" sizes=\"auto, (max-width: 300px) 100vw, 300px\" \/><figcaption class=\"wp-element-caption\"><em>Physalis alkekengi<\/em><\/figcaption><\/figure>\n\n\n\n<figure class=\"wp-block-image\"><img loading=\"lazy\" decoding=\"async\" width=\"300\" height=\"225\" data-id=\"3572\" src=\"https:\/\/ecosystema.fr\/wp-content\/uploads\/2024\/07\/gabyarbraz_146-1-300x225.jpg\" alt=\"\" class=\"wp-image-3572\" srcset=\"https:\/\/ecosystema.fr\/wp-content\/uploads\/2024\/07\/gabyarbraz_146-1-300x225.jpg 300w, https:\/\/ecosystema.fr\/wp-content\/uploads\/2024\/07\/gabyarbraz_146-1-768x576.jpg 768w, https:\/\/ecosystema.fr\/wp-content\/uploads\/2024\/07\/gabyarbraz_146-1-809x607.jpg 809w, https:\/\/ecosystema.fr\/wp-content\/uploads\/2024\/07\/gabyarbraz_146-1.jpg 1024w\" sizes=\"auto, (max-width: 300px) 100vw, 300px\" \/><figcaption class=\"wp-element-caption\">Sporophyte de <em>Bryophyta s.s.<\/em><\/figcaption><\/figure>\n<figcaption class=\"blocks-gallery-caption wp-element-caption\">Photographies \u00ab&nbsp;Tough&nbsp;\u00bb TG-5 &#8211; 2017-2019<\/figcaption><\/figure>\n\n\n\n<p><br \/>Que ce soit en condition m\u00e9t\u00e9orologique difficile (sombre) ou la proximit\u00e9 de \u00ab l\u2019objet \u00bb (une fleur en sous-bois, une Bryophyte en for\u00eat, etc.) le processeur et l\u2019optique procure des images tr\u00e8s exploitables.<br \/>La possibilit\u00e9 de capturer des images au format RAW (inclut depuis le TG-3 je crois ?) ; appareil que j\u2019ai acquis pour \u00e9quiper mon activit\u00e9 de lib\u00e9ral, comme Ecologue naturaliste) permet aux utilisateurs du TG-6 d\u2019acc\u00e9der \u00e0 de nombreuses options de retouche avec le logiciel Olympus \u00ab Workspace \u00bb ou tout autre logiciel de retouche d\u2019image supportant les fichiers TG-6 RAW. (Ma version d\u2019Adobe Lightroom n\u2019exploitera pas ce format)<\/p>\n\n\n\n<figure class=\"wp-block-image size-large\"><img loading=\"lazy\" decoding=\"async\" width=\"300\" height=\"300\" src=\"https:\/\/ecosystema.fr\/wp-content\/uploads\/2024\/07\/img_0444-1-300x300.jpg\" alt=\"\" class=\"wp-image-3562\" srcset=\"https:\/\/ecosystema.fr\/wp-content\/uploads\/2024\/07\/img_0444-1-300x300.jpg 300w, https:\/\/ecosystema.fr\/wp-content\/uploads\/2024\/07\/img_0444-1-150x150.jpg 150w, https:\/\/ecosystema.fr\/wp-content\/uploads\/2024\/07\/img_0444-1-768x768.jpg 768w, https:\/\/ecosystema.fr\/wp-content\/uploads\/2024\/07\/img_0444-1-809x809.jpg 809w, https:\/\/ecosystema.fr\/wp-content\/uploads\/2024\/07\/img_0444-1.jpg 1000w\" sizes=\"auto, (max-width: 300px) 100vw, 300px\" \/><figcaption class=\"wp-element-caption\">Le TG-6 un processeur d\u2019images \u00ab TruePic VIII \u00bb d\u00e9velopp\u00e9 pour l\u2019appareil photo professionnel OM-D E- M1X<\/figcaption><\/figure>\n\n\n\n<h2 class=\"wp-block-heading\">SYSTEME MACRO INEGALE POUR (J\u2019OSE LE DIRE) D\u2019EXTRAORDINAIRES PRISES DE VUE EN GROS PLAN JUSqu&rsquo;\u00e0 1 cm DU SUJET.<\/h2>\n\n\n\n<figure class=\"wp-block-image size-large\"><img loading=\"lazy\" decoding=\"async\" width=\"1024\" height=\"768\" src=\"https:\/\/ecosystema.fr\/wp-content\/uploads\/2024\/07\/ecosystema_gabydirlem_108-1-1024x768.jpg\" alt=\"\" class=\"wp-image-3564\" srcset=\"https:\/\/ecosystema.fr\/wp-content\/uploads\/2024\/07\/ecosystema_gabydirlem_108-1-1024x768.jpg 1024w, https:\/\/ecosystema.fr\/wp-content\/uploads\/2024\/07\/ecosystema_gabydirlem_108-1-300x225.jpg 300w, https:\/\/ecosystema.fr\/wp-content\/uploads\/2024\/07\/ecosystema_gabydirlem_108-1-768x576.jpg 768w, https:\/\/ecosystema.fr\/wp-content\/uploads\/2024\/07\/ecosystema_gabydirlem_108-1-809x607.jpg 809w, https:\/\/ecosystema.fr\/wp-content\/uploads\/2024\/07\/ecosystema_gabydirlem_108-1.jpg 1154w\" sizes=\"auto, (max-width: 1024px) 100vw, 1024px\" \/><figcaption class=\"wp-element-caption\"><em>Actinia equina<\/em> (ordre des<em> <strong>Actiniaria<\/strong><\/em>) &#8211; mar\u00e9e basse sous l\u2019eau en Finist\u00e8re (France) &#8211; Photographie \u00ab&nbsp;Tough&nbsp;\u00bb TG-5 &#8211; 2018<\/figcaption><\/figure>\n\n\n\n<p>El\u00e9ment pr\u00e9pond\u00e9rant de l\u2019appareil (comme photographe macro en R\u00e9flex depuis 1995 et mes d\u00e9buts d\u2019\u00e9tude en BTS A Gestion et Protection de la Nature) pour de gros plans, le Tough TG-6 dispose d\u2019un syst\u00e8me avanc\u00e9 de macro variable qui va au-del\u00e0 des limites de perception de l\u2019\u0153il humain. Le TG-6 b\u00e9n\u00e9ficie simultan\u00e9ment d&rsquo;une distance de mise au point minimale \u00e0 1 cm de l&rsquo;extr\u00e9mit\u00e9 de l&rsquo;objectif et d\u2019un grossissement de 7\u00d73, cet appareil, plus que jamais, capture des images de haute qualit\u00e9 des \u00ab mondes microscopiques \u00bb.<br \/>Le syst\u00e8me macro comporte quatre modes&nbsp;:<\/p>\n\n\n\n<ol class=\"wp-block-list\">\n<li>\u00ab&nbsp;Microscope&nbsp;\u00bb,<\/li>\n\n\n\n<li>\u00ab&nbsp;Microscope&nbsp;\u00bb Control,<\/li>\n\n\n\n<li>Focus Bracketing (Avec cette option activ\u00e9e, votre appareil prendra une forte proportion d\u2019images, en variant l\u00e9g\u00e8rement la distance de mise au point pour chaque prise de vue. Il vous faudra d\u00e9terminer le nombre de clich\u00e9s \u00e0 prendre et l\u2019incr\u00e9ment de la distance de mise au point entre chaque clich\u00e9)<\/li>\n\n\n\n<li>Et, Focus Stacking (Cette technique consiste \u00e0 empiler plusieurs photographies prises avec diverses mises au point dans l\u2019objectif d\u2019\u00e9tendre la profondeur de champ au maximum afin d\u2019obtenir un clich\u00e9 parfaitement net du premier au dernier plan). Concr\u00e8tement, la d\u00e9marche se fait ici automatiquement). En mode Focus Stacking, les utilisateurs peuvent maintenant d\u00e9finir entre 3 et 10 clich\u00e9s pour plus de polyvalences, peaufiner les r\u00e9glages de nettet\u00e9 des diff\u00e9rents sujets pour un r\u00e9sultat parfait dans le clich\u00e9 final. Je l\u2019attendais, ils l&rsquo;ont fait !<\/li>\n<\/ol>\n\n\n\n<h2 class=\"wp-block-heading\">Disponibilit\u00e9 et tarification, garantie Prolong\u00e9e sur Myolympus.<\/h2>\n\n\n\n<p>Le nouveau Tough TG-6 sera disponible en version rouge (choisir cette version pour retrouver son APN dans les herbes, sur le sable, etc.) et noire avec tous les nouveaux accessoires d\u00e8s d\u00e9but juillet 2019 \u00e0 un prix recommand\u00e9 de 499 \u20ac(4).<br \/>Le prix comprend une extension(5) de garantie de six mois si les nouveaux propri\u00e9taires enregistrent leur appareil photo sur www.my.olympus.eu.<\/p>\n\n\n\n<h2 class=\"wp-block-heading\">Synth\u00e8se des caract\u00e9ristiques techniques du TG-6<\/h2>\n\n\n\n<ul class=\"wp-block-list\">\n<li>Capteur CMOS 1\/2.33\u00bb BSI (r\u00e9tro\u00e9clair\u00e9)<\/li>\n\n\n\n<li>New : R\u00e9solution \u00e9cran de 1 040 000 points (contre 460 000 sur le TG5)<\/li>\n\n\n\n<li>Sensibilit\u00e9 d&rsquo;iso 100 &#8211; 12800<\/li>\n\n\n\n<li>Focale \u00e9quivalente en 35 mm : 25-100 mm<\/li>\n\n\n\n<li>Ouverture 2-4.9<\/li>\n\n\n\n<li>12 M\u00e9gapixels effectifs<\/li>\n<\/ul>\n\n\n\n<h3 class=\"wp-block-heading\">La r\u00e9f\u00e9rence des compacts \u00e9tanches et Outdoor<\/h3>\n\n\n\n<ul class=\"wp-block-list\">\n<li>Etanche jusqu\u2019a\u0300 15 m, Antichoc a\u0300 2,1 m, R\u00e9siste au froid jusqu\u2019a\u0300 &#8211; 10\u2009\u00b0C, R\u00e9siste au poids jusqu\u2019a\u0300 100 kg<\/li>\n\n\n\n<li>Optique lumineuse F\/2.0<\/li>\n\n\n\n<li>T\u00e9l\u00e9convertisseur num\u00e9rique x2<\/li>\n\n\n\n<li>Enregistrement au format RAW<\/li>\n\n\n\n<li>4 modes de prises de vues Macro<\/li>\n\n\n\n<li>Focus Stacking, Focus bracketing, Mode \u00ab&nbsp;PRO Capture&nbsp;\u00bb<\/li>\n\n\n\n<li>WIFI int\u00e9gr\u00e9 pour le contr\u00f4le, le partage et la retouche via l\u2019application O.I Share (PICTO)<\/li>\n<\/ul>\n\n\n\n<h2 class=\"wp-block-heading\">Accessoires \u00e0 acqu\u00e9rir sans fautes<\/h2>\n\n\n\n<p>Protecteur d&rsquo;objectif Olympus LB-T01 pour TOUGH TG<br \/>Olympus LG1 diffuseur pour TG-6 (une grosse nouveaut\u00e9)<br \/>Guide de lumi\u00e8re macro pour un \u00e9clairage uniforme des sujets de macro, avec compensation de l&rsquo;ombre de l&rsquo;appareil pour des prises de vue spectaculaires. Je ne connaissais pas cet accessoire ; c\u2019est lors d\u2019une sortie en Ecosse que j\u2019ai d\u00e9couvert cette diablerie ! Tr\u00e8s int\u00e9ressant en raison du peu de luminosit\u00e9.<\/p>\n\n\n\n<figure class=\"wp-block-gallery has-nested-images columns-default is-cropped wp-block-gallery-2 is-layout-flex wp-block-gallery-is-layout-flex\">\n<figure class=\"wp-block-image\"><img loading=\"lazy\" decoding=\"async\" width=\"300\" height=\"300\" data-id=\"3561\" src=\"https:\/\/ecosystema.fr\/wp-content\/uploads\/2024\/07\/protecteur-d-objectif-olympus-lb-t01-pour-tough-tg1-tg2-tg3-tg4-tg5-tg6-p-image-47912-grande-1-1-300x300.jpg\" alt=\"\" class=\"wp-image-3561\" srcset=\"https:\/\/ecosystema.fr\/wp-content\/uploads\/2024\/07\/protecteur-d-objectif-olympus-lb-t01-pour-tough-tg1-tg2-tg3-tg4-tg5-tg6-p-image-47912-grande-1-1-300x300.jpg 300w, https:\/\/ecosystema.fr\/wp-content\/uploads\/2024\/07\/protecteur-d-objectif-olympus-lb-t01-pour-tough-tg1-tg2-tg3-tg4-tg5-tg6-p-image-47912-grande-1-1-150x150.jpg 150w, https:\/\/ecosystema.fr\/wp-content\/uploads\/2024\/07\/protecteur-d-objectif-olympus-lb-t01-pour-tough-tg1-tg2-tg3-tg4-tg5-tg6-p-image-47912-grande-1-1.jpg 500w\" sizes=\"auto, (max-width: 300px) 100vw, 300px\" \/><figcaption class=\"wp-element-caption\">Protecteur d&rsquo;objectif<\/figcaption><\/figure>\n\n\n\n<figure class=\"wp-block-image\"><img loading=\"lazy\" decoding=\"async\" width=\"300\" height=\"225\" data-id=\"3560\" src=\"https:\/\/ecosystema.fr\/wp-content\/uploads\/2024\/07\/olympus-lg1-lampe-led-pour-tg4-et-tg5-p-image-45973-grande-1-1-300x225.png\" alt=\"\" class=\"wp-image-3560\" srcset=\"https:\/\/ecosystema.fr\/wp-content\/uploads\/2024\/07\/olympus-lg1-lampe-led-pour-tg4-et-tg5-p-image-45973-grande-1-1-300x225.png 300w, https:\/\/ecosystema.fr\/wp-content\/uploads\/2024\/07\/olympus-lg1-lampe-led-pour-tg4-et-tg5-p-image-45973-grande-1-1.png 387w\" sizes=\"auto, (max-width: 300px) 100vw, 300px\" \/><figcaption class=\"wp-element-caption\">Guide de lumi\u00e8re macro<\/figcaption><\/figure>\n<\/figure>\n\n\n\n<h2 class=\"wp-block-heading\">Compl\u00e9ment sur une sp\u00e9cificit\u00e9 du TG-6 : la macro !<\/h2>\n\n\n\n<p>Syst\u00e8me macro<\/p>\n\n\n\n<h3 class=\"wp-block-heading\">Notre syst\u00e8me de macro variable permet de vous rapprocher encore plus.<\/h3>\n\n\n\n<ul class=\"wp-block-list\">\n<li>Prenez des photos d\u00e9taill\u00e9es et artistiques, gr\u00e2ce au puissant syst\u00e8me macro variable, pourvu de quatre modes de prise de vue ;<\/li>\n\n\n\n<li>Mise au point \u00e0 1 cm ;<\/li>\n\n\n\n<li>Rapprochez-vous, vraiment d&rsquo;extr\u00eamement pr\u00e8s. Le Tough TG-6 vous permet de faire la mise au point \u00e0 1 cm de votre sujet pour photographier tous les d\u00e9tails ;<\/li>\n\n\n\n<li>Il est plus facile de prendre des photos macro d&rsquo;une grande complexit\u00e9, lorsque vous disposez de quatre modes de prise de vue pour photographier ce que vous imaginez ;<\/li>\n\n\n\n<li>Accessoires d&rsquo;\u00e9clairage macro : am\u00e9liorez votre macrophotographie gr\u00e2ce \u00e0 un \u00e9clairage qui donne plus de d\u00e9tails et de profondeur \u00e0 vos clich\u00e9s.<\/li>\n<\/ul>\n\n\n\n<h3 class=\"wp-block-heading\">Distance de mise au point 1 cm<\/h3>\n\n\n\n<p>Si vous aimez la macrophotographie, vous appr\u00e9cierez cet appareil. Les modes de \u00ab&nbsp;microscope&nbsp;\u00bb int\u00e9gr\u00e9s permettent de prendre des photos agrandies \u00e0 1 cm de l&rsquo;extr\u00e9mit\u00e9 de l&rsquo;objectif. Vous pouvez photographier dans les moindres d\u00e9tails le monde de \u00ab&nbsp;l&rsquo;invisible&nbsp;\u00bb (\u00e0 nuancer bien s\u00fbr, parlons d\u2019une vision de loupe de botanistes).<\/p>\n\n\n\n<h3 class=\"wp-block-heading\">Quatre modes macro<\/h3>\n\n\n\n<p>La macrophotographie, c&rsquo;est l&rsquo;art de photographier \u00ab&nbsp;l&rsquo;invisible&nbsp;\u00bb pour le \u00ab&nbsp;commun&nbsp;\u00bb. Le Tough TG-6 dispose de quatre modes macro permettant de prendre des clich\u00e9s artistiques et riches en d\u00e9tail.<br \/>Deux modes vous assurent d&rsquo;utiliser l&rsquo;appareil photo comme une loupe binoculaire (40-50 x) en faisant la mise au point jusqu&rsquo;\u00e0 1 cm de l&rsquo;extr\u00e9mit\u00e9 de l&rsquo;objectif tout en obtenant un agrandissement maximal de 44,4 x sur l&rsquo;\u00e9cran !<br \/>Vous serez en mesure de photographier avec une pr\u00e9cision impressionnante ce que vous ne pouvez pas voir \u00e0 l&rsquo;\u0153il nu.<br \/>Les modes de \u00ab&nbsp;Focus Stacking&nbsp;\u00bb et de \u00ab&nbsp;Focus Bracketing&nbsp;\u00bb permettent de prendre des photos d&rsquo;insectes et d&rsquo;autres d\u00e9tails du vivant ou non (G\u00e9ologie par exemple) minuscules, avec une profondeur de champ spectaculaire.<\/p>\n\n\n\n<p>Microscopie (\u00c9quivalent \u00e0 une loupe binoculaire 40-50 x) :<br \/>Prendre des photos agrandies de sujets situ\u00e9s \u00e0 seulement 1 cm de l&rsquo;extr\u00e9mit\u00e9 de l&rsquo;objectif, ouvre un nouveau monde de la macrophotographie !<br \/>Contr\u00f4le du \u00ab&nbsp;microscope&nbsp;\u00bb : ajoutez du relief \u00e0 vos prises de vue macro gr\u00e2ce au grossissement allant jusqu&rsquo;\u00e0 44,4 x sur l&rsquo;\u00e9cran.<\/p>\n\n\n\n<p>Focus Stacking :<br \/>Prenez et fusionnez automatiquement entre 3 et 10 clich\u00e9s avec des mises au point diff\u00e9rentes en une seule image ayant une profondeur de champ \u00e9tonnante.<br \/>Focus bracketing :<br \/>Prenez jusqu&rsquo;\u00e0 30 photos avec diff\u00e9rentes mises au point en modifiant l\u00e9g\u00e8rement la focalisation \u00e0 chaque prise de vue. Les images peuvent ensuite \u00eatre retouch\u00e9es ult\u00e9rieurement \u00e0 l&rsquo;aide du logiciel OM Workspace pour cr\u00e9er une image avec une plus grande profondeur de champ.<\/p>\n\n\n\n<p>Remarque sur ces deux derniers modes : l\u2019utilisation d\u2019un pied photo et d\u00e9clencheur \u00e0 distance (avec l\u2019intel et l\u2019application OI.Share sur iOS) est n\u00e9cessaire.<\/p>\n\n\n\n<hr class=\"wp-block-separator has-alpha-channel-opacity\"\/>\n\n\n\n<p>Sources :<br \/>www.Wikipedia<\/p>\n\n\n\n<p>Cr\u00e9dit Photographique :<\/p>\n\n\n\n<ul class=\"wp-block-list\">\n<li><a href=\"https:\/\/www.olympus.fr\/\">Olympus<\/a><\/li>\n\n\n\n<li>https:\/\/www.dpreview.com<\/li>\n\n\n\n<li>Gaby AR BRAZ Dirlem \u2013 Nikon D700 &#8211; Ecosystema.fr \u2122 \u00a9<\/li>\n\n\n\n<li>Gaby AR BRAZ Dirlem \u2013 APN Experts Olympus\u00ab Tough TG-5&nbsp;\u00bb \u2014 Ecosystema.fr \u2122 \u00a9<\/li>\n<\/ul>\n\n\n\n<ol class=\"wp-block-list\">\n<li>\u00c9tanche selon la classe de protection JIS\/IEC 8 (IPX8) (conditions de test Olympus). Anti-poussi\u00e8re selon la classe de protection JIS\/IEC 6 (IP6X) (conditions de test Olympus). Donn\u00e9es antichocs conformes \u00e0 la norme MIL-STD810F (conditions de test Olympus). R\u00e9sistance au froid et \u00e0 l\u2019\u00e9crasement selon les conditions de test Olympus.<\/li>\n\n\n\n<li>En position grand-angle de 25 mm (\u00e9quivalent 35 mm)<\/li>\n\n\n\n<li>\u00e9quivalent 35 mm<\/li>\n\n\n\n<li>Prix public conseill\u00e9 (2019)<\/li>\n\n\n\n<li>Six mois en sus de la garantie l\u00e9gale dans le pays d\u2019achat.<\/li>\n<\/ol>\n\n\n\n<hr class=\"wp-block-separator has-alpha-channel-opacity\"\/>\n\n\n\n<p>Licence : CC BY-NC-ND<\/p>\n","protected":false},"excerpt":{"rendered":"<p>\u00ab&nbsp;Un vrai naturaliste fait fi des \u00e9l\u00e9ments m\u00e9t\u00e9orologiques, et surtout, il reste humble devant son ignorance.&nbsp;\u00bb Bivouac \u00e0 la Pointe du Raz, Finist\u00e8re &#8211; FRANCE le 03 octobre 2019 Etant possesseur de plusieurs pr\u00e9d\u00e9cesseurs de \u00ab&nbsp;Tough&nbsp;\u00bb TG (j\u2019ai acquis un TG-1 lors de mon activit\u00e9 de lib\u00e9ral, pour remplacer un autre Olympus de terrain (\u00e9tanch\u00e9it\u00e9s&hellip;<\/p>\n","protected":false},"author":1,"featured_media":3558,"comment_status":"closed","ping_status":"open","sticky":false,"template":"","format":"standard","meta":{"footnotes":""},"categories":[5,26,28,139],"tags":[127,87,152,105],"class_list":["post-3545","post","type-post","status-publish","format-standard","has-post-thumbnail","hentry","category-bretagne","category-massif-armoricain","category-photographie","category-videographie","tag-environnement","tag-naturalisme","tag-photos","tag-technique-photo"],"jetpack_featured_media_url":"https:\/\/ecosystema.fr\/wp-content\/uploads\/2024\/07\/preview_olympus_tg6_keyvisual_3-2_img_768-1-1.jpg","_links":{"self":[{"href":"https:\/\/ecosystema.fr\/index.php\/wp-json\/wp\/v2\/posts\/3545","targetHints":{"allow":["GET"]}}],"collection":[{"href":"https:\/\/ecosystema.fr\/index.php\/wp-json\/wp\/v2\/posts"}],"about":[{"href":"https:\/\/ecosystema.fr\/index.php\/wp-json\/wp\/v2\/types\/post"}],"author":[{"embeddable":true,"href":"https:\/\/ecosystema.fr\/index.php\/wp-json\/wp\/v2\/users\/1"}],"replies":[{"embeddable":true,"href":"https:\/\/ecosystema.fr\/index.php\/wp-json\/wp\/v2\/comments?post=3545"}],"version-history":[{"count":7,"href":"https:\/\/ecosystema.fr\/index.php\/wp-json\/wp\/v2\/posts\/3545\/revisions"}],"predecessor-version":[{"id":3575,"href":"https:\/\/ecosystema.fr\/index.php\/wp-json\/wp\/v2\/posts\/3545\/revisions\/3575"}],"wp:featuredmedia":[{"embeddable":true,"href":"https:\/\/ecosystema.fr\/index.php\/wp-json\/wp\/v2\/media\/3558"}],"wp:attachment":[{"href":"https:\/\/ecosystema.fr\/index.php\/wp-json\/wp\/v2\/media?parent=3545"}],"wp:term":[{"taxonomy":"category","embeddable":true,"href":"https:\/\/ecosystema.fr\/index.php\/wp-json\/wp\/v2\/categories?post=3545"},{"taxonomy":"post_tag","embeddable":true,"href":"https:\/\/ecosystema.fr\/index.php\/wp-json\/wp\/v2\/tags?post=3545"}],"curies":[{"name":"wp","href":"https:\/\/api.w.org\/{rel}","templated":true}]}}