{"id":3165,"date":"2024-08-19T11:53:57","date_gmt":"2024-08-19T09:53:57","guid":{"rendered":"https:\/\/ecosystema.fr\/?p=3165"},"modified":"2024-08-31T08:26:53","modified_gmt":"2024-08-31T06:26:53","slug":"presentation-de-ma-demarche-de-bivouacs-naturalistes-et-gear-list-ver-11-2024","status":"publish","type":"post","link":"https:\/\/ecosystema.fr\/index.php\/2024\/08\/19\/presentation-de-ma-demarche-de-bivouacs-naturalistes-et-gear-list-ver-11-2024\/","title":{"rendered":"Pr\u00e9sentation de ma d\u00e9marche de \u00ab Bivouacs naturalistes \u00bb et \u00ab Gear list \u00bb ver. 11 2024"},"content":{"rendered":"\n<blockquote class=\"wp-block-quote is-layout-flow wp-block-quote-is-layout-flow\">\n<p>Salutations \u00e0 toutes et tous,<\/p>\n\n\n\n<p>Voil\u00e0 mon \u00ab set up \u00bb &#8211; non fig\u00e9 &#8211; de sac, pour mes sorties naturalistes en bivouacs dans le massif Armoricain, la Normandie (et le planitiaire atlantique nord-ouest plus g\u00e9n\u00e9ralement).<\/p>\n\n\n\n<p>N&rsquo;h\u00e9sitez pas \u00e0 commenter, poser des questions.<\/p>\n<\/blockquote>\n\n\n\n<figure class=\"wp-block-gallery has-nested-images columns-default is-cropped wp-block-gallery-1 is-layout-flex wp-block-gallery-is-layout-flex\">\n<figure class=\"wp-block-image size-large\"><img loading=\"lazy\" decoding=\"async\" width=\"225\" height=\"300\" data-id=\"3681\" src=\"https:\/\/ecosystema.fr\/wp-content\/uploads\/2024\/08\/panneau-1-225x300.jpg\" alt=\"\" class=\"wp-image-3681\" srcset=\"https:\/\/ecosystema.fr\/wp-content\/uploads\/2024\/08\/panneau-1-225x300.jpg 225w, https:\/\/ecosystema.fr\/wp-content\/uploads\/2024\/08\/panneau-1.jpg 450w\" sizes=\"auto, (max-width: 225px) 100vw, 225px\" \/><figcaption class=\"wp-element-caption\">Pose en 2 000, sans le bug (1)<\/figcaption><\/figure>\n\n\n\n<figure class=\"wp-block-image\"><img loading=\"lazy\" decoding=\"async\" width=\"600\" height=\"408\" data-id=\"2232\" src=\"https:\/\/ecosystema.fr\/wp-content\/uploads\/2022\/05\/ecosystema_gabydirlem_0005.jpg\" alt=\"\" class=\"wp-image-2232\" srcset=\"https:\/\/ecosystema.fr\/wp-content\/uploads\/2022\/05\/ecosystema_gabydirlem_0005.jpg 600w, https:\/\/ecosystema.fr\/wp-content\/uploads\/2022\/05\/ecosystema_gabydirlem_0005-300x204.jpg 300w\" sizes=\"auto, (max-width: 600px) 100vw, 600px\" \/><figcaption class=\"wp-element-caption\">Sylvofaci\u00e8s caducifol\u00e9<\/figcaption><\/figure>\n\n\n\n<figure class=\"wp-block-image\"><img loading=\"lazy\" decoding=\"async\" width=\"300\" height=\"224\" data-id=\"3665\" src=\"https:\/\/ecosystema.fr\/wp-content\/uploads\/2024\/08\/img_0443-1-300x224.jpg\" alt=\"\" class=\"wp-image-3665\" srcset=\"https:\/\/ecosystema.fr\/wp-content\/uploads\/2024\/08\/img_0443-1-300x224.jpg 300w, https:\/\/ecosystema.fr\/wp-content\/uploads\/2024\/08\/img_0443-1.jpg 500w\" sizes=\"auto, (max-width: 300px) 100vw, 300px\" \/><figcaption class=\"wp-element-caption\">Bryophyta corticoles (2)<\/figcaption><\/figure>\n\n\n\n<figure class=\"wp-block-image\"><img loading=\"lazy\" decoding=\"async\" width=\"1024\" height=\"768\" data-id=\"3678\" src=\"https:\/\/ecosystema.fr\/wp-content\/uploads\/2024\/08\/img_0365-1-1024x768.jpg\" alt=\"\" class=\"wp-image-3678\" srcset=\"https:\/\/ecosystema.fr\/wp-content\/uploads\/2024\/08\/img_0365-1-1024x768.jpg 1024w, https:\/\/ecosystema.fr\/wp-content\/uploads\/2024\/08\/img_0365-1-300x225.jpg 300w, https:\/\/ecosystema.fr\/wp-content\/uploads\/2024\/08\/img_0365-1-768x576.jpg 768w, https:\/\/ecosystema.fr\/wp-content\/uploads\/2024\/08\/img_0365-1-1536x1152.jpg 1536w, https:\/\/ecosystema.fr\/wp-content\/uploads\/2024\/08\/img_0365-1-809x607.jpg 809w, https:\/\/ecosystema.fr\/wp-content\/uploads\/2024\/08\/img_0365-1.jpg 2000w\" sizes=\"auto, (max-width: 1024px) 100vw, 1024px\" \/><figcaption class=\"wp-element-caption\">Plage de sable fin et mer atlantique (3)<\/figcaption><\/figure>\n\n\n\n<figure class=\"wp-block-image\"><img loading=\"lazy\" decoding=\"async\" width=\"1024\" height=\"768\" data-id=\"3664\" src=\"https:\/\/ecosystema.fr\/wp-content\/uploads\/2024\/08\/img_1006-1-1024x768.jpg\" alt=\"\" class=\"wp-image-3664\" srcset=\"https:\/\/ecosystema.fr\/wp-content\/uploads\/2024\/08\/img_1006-1-1024x768.jpg 1024w, https:\/\/ecosystema.fr\/wp-content\/uploads\/2024\/08\/img_1006-1-300x225.jpg 300w, https:\/\/ecosystema.fr\/wp-content\/uploads\/2024\/08\/img_1006-1-768x576.jpg 768w, https:\/\/ecosystema.fr\/wp-content\/uploads\/2024\/08\/img_1006-1-1536x1152.jpg 1536w, https:\/\/ecosystema.fr\/wp-content\/uploads\/2024\/08\/img_1006-1-809x607.jpg 809w, https:\/\/ecosystema.fr\/wp-content\/uploads\/2024\/08\/img_1006-1.jpg 1600w\" sizes=\"auto, (max-width: 1024px) 100vw, 1024px\" \/><figcaption class=\"wp-element-caption\">Frutic\u00e9e et boisement sur coteaux calcaricoles<\/figcaption><\/figure>\n\n\n\n<figure class=\"wp-block-image\"><img loading=\"lazy\" decoding=\"async\" width=\"300\" height=\"225\" data-id=\"3666\" src=\"https:\/\/ecosystema.fr\/wp-content\/uploads\/2024\/08\/dsc03309-1-300x225.jpg\" alt=\"\" class=\"wp-image-3666\" srcset=\"https:\/\/ecosystema.fr\/wp-content\/uploads\/2024\/08\/dsc03309-1-300x225.jpg 300w, https:\/\/ecosystema.fr\/wp-content\/uploads\/2024\/08\/dsc03309-1.jpg 600w\" sizes=\"auto, (max-width: 300px) 100vw, 300px\" \/><figcaption class=\"wp-element-caption\">Prairie sem\u00e9e \u00e0 Lolium perenne<\/figcaption><\/figure>\n\n\n\n<figure class=\"wp-block-image\"><img loading=\"lazy\" decoding=\"async\" width=\"300\" height=\"204\" data-id=\"3672\" src=\"https:\/\/ecosystema.fr\/wp-content\/uploads\/2024\/08\/ecosystema_gabydirlem_0006-1-300x204.jpg\" alt=\"\" class=\"wp-image-3672\" srcset=\"https:\/\/ecosystema.fr\/wp-content\/uploads\/2024\/08\/ecosystema_gabydirlem_0006-1-300x204.jpg 300w, https:\/\/ecosystema.fr\/wp-content\/uploads\/2024\/08\/ecosystema_gabydirlem_0006-1.jpg 600w\" sizes=\"auto, (max-width: 300px) 100vw, 300px\" \/><figcaption class=\"wp-element-caption\">Pelouses calcaricoles<\/figcaption><\/figure>\n\n\n\n<figure class=\"wp-block-image\"><img loading=\"lazy\" decoding=\"async\" width=\"300\" height=\"204\" data-id=\"3663\" src=\"https:\/\/ecosystema.fr\/wp-content\/uploads\/2024\/08\/ecosystema_gabydirlem_0004-1-300x204.jpg\" alt=\"\" class=\"wp-image-3663\" srcset=\"https:\/\/ecosystema.fr\/wp-content\/uploads\/2024\/08\/ecosystema_gabydirlem_0004-1-300x204.jpg 300w, https:\/\/ecosystema.fr\/wp-content\/uploads\/2024\/08\/ecosystema_gabydirlem_0004-1.jpg 600w\" sizes=\"auto, (max-width: 300px) 100vw, 300px\" \/><figcaption class=\"wp-element-caption\">Openfield &amp; Cuesta<\/figcaption><\/figure>\n\n\n\n<figure class=\"wp-block-image\"><img loading=\"lazy\" decoding=\"async\" width=\"300\" height=\"204\" data-id=\"3669\" src=\"https:\/\/ecosystema.fr\/wp-content\/uploads\/2024\/08\/ecosystema_gabydirlem_0003-1-300x204.jpg\" alt=\"\" class=\"wp-image-3669\" srcset=\"https:\/\/ecosystema.fr\/wp-content\/uploads\/2024\/08\/ecosystema_gabydirlem_0003-1-300x204.jpg 300w, https:\/\/ecosystema.fr\/wp-content\/uploads\/2024\/08\/ecosystema_gabydirlem_0003-1.jpg 600w\" sizes=\"auto, (max-width: 300px) 100vw, 300px\" \/><figcaption class=\"wp-element-caption\">Plantation sylvicole<\/figcaption><\/figure>\n\n\n\n<figure class=\"wp-block-image\"><img loading=\"lazy\" decoding=\"async\" width=\"300\" height=\"204\" data-id=\"3667\" src=\"https:\/\/ecosystema.fr\/wp-content\/uploads\/2024\/08\/ecosystema_gabydirlem_0002-1-300x204.jpg\" alt=\"\" class=\"wp-image-3667\" srcset=\"https:\/\/ecosystema.fr\/wp-content\/uploads\/2024\/08\/ecosystema_gabydirlem_0002-1-300x204.jpg 300w, https:\/\/ecosystema.fr\/wp-content\/uploads\/2024\/08\/ecosystema_gabydirlem_0002-1.jpg 600w\" sizes=\"auto, (max-width: 300px) 100vw, 300px\" \/><figcaption class=\"wp-element-caption\">Plage et manche du Nord<\/figcaption><\/figure>\n\n\n\n<figure class=\"wp-block-image\"><img loading=\"lazy\" decoding=\"async\" width=\"300\" height=\"203\" data-id=\"3670\" src=\"https:\/\/ecosystema.fr\/wp-content\/uploads\/2024\/08\/ecosystema_gabydirlem_0001-1-300x203.jpg\" alt=\"\" class=\"wp-image-3670\" srcset=\"https:\/\/ecosystema.fr\/wp-content\/uploads\/2024\/08\/ecosystema_gabydirlem_0001-1-300x203.jpg 300w, https:\/\/ecosystema.fr\/wp-content\/uploads\/2024\/08\/ecosystema_gabydirlem_0001-1.jpg 600w\" sizes=\"auto, (max-width: 300px) 100vw, 300px\" \/><figcaption class=\"wp-element-caption\">Vestiges de la 2GM<\/figcaption><\/figure>\n\n\n\n<figure class=\"wp-block-image\"><img loading=\"lazy\" decoding=\"async\" width=\"300\" height=\"225\" data-id=\"3671\" src=\"https:\/\/ecosystema.fr\/wp-content\/uploads\/2024\/08\/ecosystema_gabydirlem_0013-1-300x225.jpg\" alt=\"\" class=\"wp-image-3671\" srcset=\"https:\/\/ecosystema.fr\/wp-content\/uploads\/2024\/08\/ecosystema_gabydirlem_0013-1-300x225.jpg 300w, https:\/\/ecosystema.fr\/wp-content\/uploads\/2024\/08\/ecosystema_gabydirlem_0013-1.jpg 600w\" sizes=\"auto, (max-width: 300px) 100vw, 300px\" \/><figcaption class=\"wp-element-caption\">Points contacts sur pelouse a\u00e9rohaline <\/figcaption><\/figure>\n\n\n\n<figure class=\"wp-block-image\"><img loading=\"lazy\" decoding=\"async\" width=\"300\" height=\"225\" data-id=\"3674\" src=\"https:\/\/ecosystema.fr\/wp-content\/uploads\/2024\/08\/ecosystema_gabydirlem_0011-1-300x225.jpg\" alt=\"\" class=\"wp-image-3674\" srcset=\"https:\/\/ecosystema.fr\/wp-content\/uploads\/2024\/08\/ecosystema_gabydirlem_0011-1-300x225.jpg 300w, https:\/\/ecosystema.fr\/wp-content\/uploads\/2024\/08\/ecosystema_gabydirlem_0011-1.jpg 600w\" sizes=\"auto, (max-width: 300px) 100vw, 300px\" \/><figcaption class=\"wp-element-caption\">Inventaires phytosociologiques<\/figcaption><\/figure>\n\n\n\n<figure class=\"wp-block-image\"><img loading=\"lazy\" decoding=\"async\" width=\"300\" height=\"199\" data-id=\"3675\" src=\"https:\/\/ecosystema.fr\/wp-content\/uploads\/2024\/08\/ecosystema_gabydirlem_0010-1-300x199.jpg\" alt=\"\" class=\"wp-image-3675\" srcset=\"https:\/\/ecosystema.fr\/wp-content\/uploads\/2024\/08\/ecosystema_gabydirlem_0010-1-300x199.jpg 300w, https:\/\/ecosystema.fr\/wp-content\/uploads\/2024\/08\/ecosystema_gabydirlem_0010-1.jpg 600w\" sizes=\"auto, (max-width: 300px) 100vw, 300px\" \/><figcaption class=\"wp-element-caption\">Schoor et rivi\u00e8re<\/figcaption><\/figure>\n\n\n\n<figure class=\"wp-block-image\"><img loading=\"lazy\" decoding=\"async\" width=\"300\" height=\"199\" data-id=\"3676\" src=\"https:\/\/ecosystema.fr\/wp-content\/uploads\/2024\/08\/ecosystema_gabydirlem_0009-1-300x199.jpg\" alt=\"\" class=\"wp-image-3676\" srcset=\"https:\/\/ecosystema.fr\/wp-content\/uploads\/2024\/08\/ecosystema_gabydirlem_0009-1-300x199.jpg 300w, https:\/\/ecosystema.fr\/wp-content\/uploads\/2024\/08\/ecosystema_gabydirlem_0009-1.jpg 600w\" sizes=\"auto, (max-width: 300px) 100vw, 300px\" \/><figcaption class=\"wp-element-caption\">Plissement de roches m\u00e9tamorphiques<\/figcaption><\/figure>\n\n\n\n<figure class=\"wp-block-image\"><img loading=\"lazy\" decoding=\"async\" width=\"300\" height=\"194\" data-id=\"3668\" src=\"https:\/\/ecosystema.fr\/wp-content\/uploads\/2024\/08\/ecosystema_gabydirlem_0008-1-300x194.jpg\" alt=\"\" class=\"wp-image-3668\" srcset=\"https:\/\/ecosystema.fr\/wp-content\/uploads\/2024\/08\/ecosystema_gabydirlem_0008-1-300x194.jpg 300w, https:\/\/ecosystema.fr\/wp-content\/uploads\/2024\/08\/ecosystema_gabydirlem_0008-1.jpg 600w\" sizes=\"auto, (max-width: 300px) 100vw, 300px\" \/><figcaption class=\"wp-element-caption\">Vue de la cuesta<\/figcaption><\/figure>\n\n\n\n<figure class=\"wp-block-image\"><img loading=\"lazy\" decoding=\"async\" width=\"300\" height=\"198\" data-id=\"3673\" src=\"https:\/\/ecosystema.fr\/wp-content\/uploads\/2024\/08\/ecosystema_gabydirlem_0007-1-300x198.jpg\" alt=\"\" class=\"wp-image-3673\" srcset=\"https:\/\/ecosystema.fr\/wp-content\/uploads\/2024\/08\/ecosystema_gabydirlem_0007-1-300x198.jpg 300w, https:\/\/ecosystema.fr\/wp-content\/uploads\/2024\/08\/ecosystema_gabydirlem_0007-1.jpg 600w\" sizes=\"auto, (max-width: 300px) 100vw, 300px\" \/><figcaption class=\"wp-element-caption\">Marais<\/figcaption><\/figure>\n\n\n\n<figure class=\"wp-block-image\"><img loading=\"lazy\" decoding=\"async\" width=\"1024\" height=\"796\" data-id=\"3677\" src=\"https:\/\/ecosystema.fr\/wp-content\/uploads\/2024\/08\/img_0081-1-1024x796.jpg\" alt=\"\" class=\"wp-image-3677\" srcset=\"https:\/\/ecosystema.fr\/wp-content\/uploads\/2024\/08\/img_0081-1-1024x796.jpg 1024w, https:\/\/ecosystema.fr\/wp-content\/uploads\/2024\/08\/img_0081-1-300x233.jpg 300w, https:\/\/ecosystema.fr\/wp-content\/uploads\/2024\/08\/img_0081-1-768x597.jpg 768w, https:\/\/ecosystema.fr\/wp-content\/uploads\/2024\/08\/img_0081-1-809x629.jpg 809w, https:\/\/ecosystema.fr\/wp-content\/uploads\/2024\/08\/img_0081-1.jpg 1374w\" sizes=\"auto, (max-width: 1024px) 100vw, 1024px\" \/><figcaption class=\"wp-element-caption\">Syst\u00e8me dunaire \u00e0 dunes confuses<\/figcaption><\/figure>\n\n\n\n<figure class=\"wp-block-image size-large\"><img loading=\"lazy\" decoding=\"async\" width=\"1024\" height=\"355\" data-id=\"3680\" src=\"https:\/\/ecosystema.fr\/wp-content\/uploads\/2024\/08\/img_0452-1-1024x355.jpg\" alt=\"\" class=\"wp-image-3680\" srcset=\"https:\/\/ecosystema.fr\/wp-content\/uploads\/2024\/08\/img_0452-1-1024x355.jpg 1024w, https:\/\/ecosystema.fr\/wp-content\/uploads\/2024\/08\/img_0452-1-300x104.jpg 300w, https:\/\/ecosystema.fr\/wp-content\/uploads\/2024\/08\/img_0452-1-768x266.jpg 768w, https:\/\/ecosystema.fr\/wp-content\/uploads\/2024\/08\/img_0452-1-809x281.jpg 809w, https:\/\/ecosystema.fr\/wp-content\/uploads\/2024\/08\/img_0452-1.jpg 1280w\" sizes=\"auto, (max-width: 1024px) 100vw, 1024px\" \/><\/figure>\n<figcaption class=\"blocks-gallery-caption wp-element-caption\">Entre littoral et plaine d\u2019Europe de l\u2019ouest &#8211; Autoportrait de l&rsquo;auteur (GLB 1995-2024<\/figcaption><\/figure>\n\n\n\n<p>Qui suis-je ?<br>Je m&rsquo;appelle Gaby, je suis ancien militaire et suite \u00e0 un accident : \u00e9cologue naturaliste durant 25 ans. De nature passionn\u00e9e, je m\u2019int\u00e9resse pour le nature armoricaine, au point de \u00ab&nbsp;r\u00eaver&nbsp;\u00bb d&rsquo;y passer tout mon temps et pourquoi pas d\u2019y finir ma vie. Et ce, apr\u00e8s avoir fait les 4 coins du monde.<\/p>\n\n\n\n<p>J\u2019ai choisi de partager mes sorties en nature, mes astuces et mes revues de mat\u00e9riel pour faire petit \u00e0 petit et \u00e0 force d&rsquo;efforts, de mes partages Web, une activit\u00e9 \u00e0 plein temps. Et aussi &#8211; comme le dit ma compagne &#8211; pour me stimuler. Le prix \u00e0 payer pour un soldat ayant un genoux \u00e0 terre\u2026<\/p>\n\n\n\n<p>Pourquoi bivouaquer ? Au XXI e si\u00e8cle ? Un besoin de d\u00e9connexion !<br>Le fait d\u2019\u00eatre tout le temps connect\u00e9 et l\u2019injonction \u00e0 la disponibilit\u00e9 permanente sont \u00e9puisants ; je l\u2019ai v\u00e9cu dans ma fuite de travail durant 25 ans d\u2019\u00e9cologue naturaliste et mes 100 h par semaine.<br>Par ailleurs, j\u2019ai honte de le dire &#8211; en tant qu\u2019ancien humanitaire &#8211; et pratiquant le m\u00e9tier d\u2019ecologue (un m\u00e9tier riche par essence), les exp\u00e9riences devenaient\u2026 banales !<br>Voyager seul permet &#8211; \u00e0 mon sens &#8211; donc d\u2019une part, de retrouver de l\u2019intensit\u00e9 ou de l\u2019authenticit\u00e9 et d\u2019autre part, de red\u00e9couvrir les vertus de l\u2019ennui. Deux id\u00e9es qui ne sont finalement peut-\u00eatre pas antinomiques !<\/p>\n\n\n\n<p>Aussi et dans cet esprit, je partage sinc\u00e8rement et en toute humilit\u00e9 mes connaissances naturalistes et mon exp\u00e9rience de terrain.<br>J&rsquo;ai appris pas mal de choses de la part de personnes bienveillantes, dans la rue\u2026, sur les terrains d\u2019actions humanitaires, de missions naturalistes et autres. Je partage donc \u00e0 mon tour de fa\u00e7on g\u00e9n\u00e9reuse, car tel est mon cr\u00e9do\u2026 ma destin\u00e9e ?<\/p>\n\n\n\n<p>Mon mat\u00e9riel 4 saisons (en r\u00e9alit\u00e9 2 saisons : hiver \u2744\ufe0f et \u00e9t\u00e9 \ud83c\udf24 ; les deux autres \u00e9tant des p\u00e9riodes de transition) de plaines (&lt; \u00e0 600\/800 m) est b\u00e2ti selon le principe des 7 C (extension du dit \u00ab 5 C \u00bb dans les situations de survie, voire ci-apr\u00e8s) :<\/p>\n\n\n\n<ol class=\"wp-block-list\">\n<li>Outil de Coupe,<\/li>\n\n\n\n<li>Couverture (Abri) Tout \u00e9quipement permettant de se garder \u00e0 la chaleur,<\/li>\n\n\n\n<li>Combustion (Feu) Tout item permettant d&rsquo;allumer un feu<\/li>\n\n\n\n<li>Contenant (Gestion hydrique),<\/li>\n\n\n\n<li>Cordage,<br>Et aussi :<\/li>\n\n\n\n<li>Compas (Orientation)<\/li>\n\n\n\n<li>et Communication (si appelle des secours).<\/li>\n<\/ol>\n\n\n\n<blockquote class=\"wp-block-quote is-layout-flow wp-block-quote-is-layout-flow\">\n<p>Compl\u00e8tement universelle, les cinq \u00ab C \u00bb sont : 1. \u00ab&nbsp;Cutting tools \u00bb&nbsp;: des outils coupants pour fabriquer les objets dont vous aurez besoin et pour vous occuper de la nourriture ; 2. \u00ab&nbsp;Cover elements \u00bb&nbsp;: des \u00e9l\u00e9ments couvrants pour cr\u00e9er un microclimat vous prot\u00e9geant des \u00e9l\u00e9ments naturels ; 3. \u00ab&nbsp;Combustion devices \u00bb&nbsp;: un dispositif de combustion pour faire du feu, n\u00e9cessaire non seulement pour conserver et cuire la nourriture mais aussi pour fabriquer des m\u00e9dicaments et pour obtenir de la chaleur ; 4. \u00ab&nbsp;Containers \u00bb&nbsp;: des r\u00e9cipients pour transporter de l\u2019eau sur de longues distances ou pour prot\u00e9ger les sources de nourriture collect\u00e9es ; 5. \u00ab&nbsp;Cordages \u00bb&nbsp;: des cordages pour fabriquer des liens et attacher des objets<\/p>\n<\/blockquote>\n\n\n\n<p>Enfin un grand merci \u00e0 mon ma\u00eetre : le professeur BOULLARD, un homme o\u00f9 l\u2019\u00e9rudition et le savoir se m\u00ealaient \u00e0 la po\u00e9sie des descriptions et \u00e0 un humour de bon aloi. Et une pens\u00e9e sinc\u00e8re \u00e0 mon premier \u00ab&nbsp;patron&nbsp;\u00bb et amis : Philippe H. que la maladie a emport\u00e9e que pr\u00e9matur\u00e9ment ; un grand naturaliste Normand nous a quitt\u00e9.<\/p>\n\n\n\n<p>Et merci de partager ces instant intimes avec moi, et n\u2019oubliez pas le credo du naturaliste :<\/p>\n\n\n\n<ol class=\"wp-block-list\">\n<li>l\u2019humilit\u00e9,<\/li>\n\n\n\n<li>l&rsquo;esprit zen (et sto\u00efcisme, comme en tant que Breton, ne pas pester face aux intemp\u00e9ries \ud83d\ude2c merci au Docteur ANDR\u00c9)<\/li>\n\n\n\n<li>et comme m\u2019a enseign\u00e9 l\u2019arm\u00e9e : la rigueur<\/li>\n<\/ol>\n\n\n\n<blockquote class=\"wp-block-quote is-layout-flow wp-block-quote-is-layout-flow\">\n<p>Gaby \u00ab curieux de nature \u00bb.<\/p>\n<\/blockquote>\n\n\n\n<p>SOUTENIR LE BLOG ECOSYSTEMA \u2122\ufe0f<br>Partagez ce post (= capsule) et suivez-moi \ud83d\ude01<br>\u00ab&nbsp;L\u2019homme qui progresse \u00e0 pied, pr\u00eat \u00e0 camper n\u2019importe o\u00f9 et par n\u2019importe quel temps, est le plus ind\u00e9pendant sur terre.&nbsp;\u00bb<\/p>\n\n\n\n<blockquote class=\"wp-block-quote is-layout-flow wp-block-quote-is-layout-flow\">\n<p>H. KEPHART, 1904<\/p>\n<\/blockquote>\n\n\n\n<p>Historique du set up :<br>Depuis quelques ann\u00e9es (2014, date de mon arr\u00eat d\u2019activit\u00e9 professionnelle pour raison de sant\u00e9) en survivant \ud83d\ude05, pour mon projet de vie pr\u00e9sent et futur, j&rsquo;exp\u00e9rimente cette liste de mat\u00e9riel pour mes sorties en milieux semi-naturels en dessous du collin\u00e9en (&lt; 600\/800 m) &#8211; toute saison &#8211; pour les plaines de France et d\u2019Europe septentrionale (temp\u00e9ratures de gel\u00e9es rares).<\/p>\n\n\n\n<p>Les \u00e9l\u00e9ments cit\u00e9s ci-apr\u00e8s sont loin d&rsquo;\u00eatre indispensables : ce sont simplement des \u00e9l\u00e9ments que j&rsquo;aime utiliser lors de mes bivouacs. Bien entendu ils \u00e9voluent entres les deux saisons : \u00e9t\u00e9, hiver et ses transitions.<\/p>\n\n\n\n<p>Liste des \u00e9l\u00e9ments &#8211; par cat\u00e9gories &#8211; pour un sac inf\u00e9rieur \u00e0 13 kg (sans le mat\u00e9riel photo, vid\u00e9o et naturaliste) pour une capacit\u00e9 de 70 litres \ud83d\ude2c.<br>Je renouvelle parfois &#8211; par curiosit\u00e9, ou n\u00e9cessit\u00e9 &#8211; mon mat\u00e9riel ; mais certains datent de 1990 !<\/p>\n\n\n\n<p>Voil\u00e0 la \u00ab Gear list \u00bb 1990-2024 : mais attention \u26a0\ufe0f sachez que le mat\u00e9riel est secondaire pour moi. Et cette liste est \u00e9tablie le plus sinc\u00e8rement possible, pour ne pas faire de vid\u00e9o incessante de contenu de sac. Je laisse cela d\u2019autres &#8211; bien plus au fait, du mat\u00e9riel du moment.<br>Et surtout, ayez une d\u00e9marche minimaliste de votre pratique du bivouacs \ud83d\ude05\u2026 ce qui n\u2019aura pas \u00e9t\u00e9 mon cas en 2024\u2757\ufe0fmais cela me fait plaisir.<\/p>\n\n\n\n<figure class=\"wp-block-pullquote\"><blockquote><p>Poids du sac (sans les options Tentes\/T. Tunnel et Hamacs) : 13 kg<\/p><cite>Gaby AR BRAZ<\/cite><\/blockquote><\/figure>\n\n\n\n<pre class=\"wp-block-preformatted\">\u00ab Gear list \u00bb de bivouac naturaliste 2024 (version 11 2024) - Toutes saisons (\u00e0 adapter) - PROJET 2024 et 2025<\/pre>\n\n\n\n<hr class=\"wp-block-separator has-alpha-channel-opacity\"\/>\n\n\n\n<p><strong>\u00ab&nbsp;Gear list&nbsp;\u00bb de bivouac naturaliste au 19\/08\/2024 &#8211; Toutes saisons (\u00e0 adapter)<\/strong><\/p>\n\n\n\n<p><strong>Liste version 11 &#8211; 1995-2024<\/strong><\/p>\n\n\n\n<pre class=\"wp-block-preformatted\">Module PORTAGE<\/pre>\n\n\n\n<ul class=\"wp-block-list\">\n<li>\u00ab&nbsp;Rucksack&nbsp;\u00bb Sac \u00e0 dos Homme trekking 70 + rehausse (= capuchons) 10 L + Armature | Forclaz MT 900 SYMBIUM | Activit\u00e9s naturaliste : poids lourd et solidit\u00e9 | \u00ab&nbsp;D\u00e9cathlon \u00ae&nbsp;\u00bb &#8211; 2022 Garantie 10 ans<\/li>\n\n\n\n<li>\u00ab&nbsp;Plane cover&nbsp;\u00bb Housse de transport avion-car TRAVEL &#8211; sacs \u00e0 dos 40 \u00e0 90 litres | Forclaz | \u00ab&nbsp;D\u00e9cathlon \u00ae&nbsp;\u00bb<\/li>\n\n\n\n<li>\u00ab&nbsp;Rain cover&nbsp;\u00bb &#8211; Housse de pluie renforc\u00e9e | pour sac \u00e0 dos de trekking 70-100 L Forclaz | \u00ab&nbsp;D\u00e9cathlon \u00ae&nbsp;\u00bb<\/li>\n\n\n\n<li>2 sangles de serrage multi-usages | 10 mm x 1,05 m &#8211; Boucle aluminium &#8211; Forclaz | \u00ab&nbsp;D\u00e9cathlon \u00ae&nbsp;\u00bb<\/li>\n\n\n\n<li>1 Mousquetons OMUKY S Forme &#8211; Alliage d&rsquo;Aluminium &#8211; Petit | \u00ab&nbsp;OMUKY \u00ae&nbsp;\u00bb (accroche v\u00eatements)<\/li>\n\n\n\n<li>Accroche sac \u00e0 dos &#8211; 1 Paracorde orange r\u00e9fl\u00e9chissante 1,5 m + Mousquetons OMUKY S Forme &#8211; Alliage d&rsquo;Aluminium &#8211; Grand | \u00ab&nbsp;OMUKY \u00ae&nbsp;\u00bb &#8211; Drisse lov\u00e9e pour montage 4 mm &#8211; Quechuas | \u00ab&nbsp;D\u00e9cathlon \u00ae&nbsp;\u00bb<\/li>\n\n\n\n<li>2 sangles Sac Bandouli\u00e8re Imperm\u00e9able &#8211; Molle Syst\u00e8me &#8211; Caperlan | \u00ab&nbsp;D\u00e9cathlon \u00ae&nbsp;\u00bb<\/li>\n\n\n\n<li>Sac de Bouteille d&rsquo;eau R\u00e9glable 300-800ml | Nylon Sac Bandouli\u00e8re Imperm\u00e9able &#8211; Molle Syst\u00e8me | \u00ab&nbsp;Yakmoo \u00ae&nbsp;\u00bb<\/li>\n\n\n\n<li>Pochette \u00e9tanche papiers identit\u00e9 &amp; sant\u00e9 | \u00ab&nbsp;Outdoor Panda \u00ae&nbsp;\u00bb<\/li>\n\n\n\n<li>2 \u00ab&nbsp;Dry Bag&nbsp;\u00bb Sacs marins \u00e9tanches | Tissus 500D PVC tarpaulin &#8211; 2L (91 g) 5L (205 g) | ensemble 2 unit\u00e9s randonn\u00e9e &#8211; Light fermeture roll top | \u00ab&nbsp;Outdoor Panda \u00ae&nbsp;\u00bb<\/li>\n\n\n\n<li>2 \u00ab&nbsp;Dry Bag&nbsp;\u00bb Housses imperm\u00e9able de rangement de tissus | sac 70 L Forclaz &#8211; Demie-Lune 15 L fermeture roll top | \u00ab&nbsp;D\u00e9cathlon \u00ae&nbsp;\u00bb JAUNE &amp; ROUGEs<\/li>\n\n\n\n<li>1 \u00ab&nbsp;Dry Bag&nbsp;\u00bb Housses imperm\u00e9able de rangement de tissus | sac 40-60 L Forclaz &#8211; Demie-Lune 7 L fermeture roll top | \u00ab&nbsp;D\u00e9cathlon \u00ae&nbsp;\u00bb BLEUE<\/li>\n\n\n\n<li>Housse de compression trekking &#8211; v\u00eatements de nuits | Forclaz 8 L | \u00ab&nbsp;D\u00e9cathlon \u00ae&nbsp;\u00bb<\/li>\n\n\n\n<li>\u00ab&nbsp;Dry Bag&nbsp;\u00bb Sac \u00e9tanche (alimentation contre faune sauvage) | Taille Unique 4 L 15&#215;33 cm &#8211; Cordura\u00ae &#8211; Ultralight fermeture roll top | \u00ab&nbsp;Sea to Summit&nbsp;\u00bb + Accroche sac &#8211; 1 Paracorde orange r\u00e9fl\u00e9chissante + Mousquetons OMUKY S Forme &#8211; Alliage d&rsquo;Aluminium &#8211; Petit | \u00ab&nbsp;OMUKY \u00ae&nbsp;\u00bb &#8211; Drisse lov\u00e9e pour montage 2 mm &#8211; Quechuas | \u00ab&nbsp;D\u00e9cathlon \u00ae&nbsp;\u00bb<\/li>\n\n\n\n<li>\u00ab&nbsp;Dry Sack&nbsp;\u00bb Sac \u00e9tanche (Trousse de secours) Overnight | Taille Unique 3 L 27.9x17x11.9 cm &#8211; Tissus 70D TPU Nylon enti\u00e8rement scell\u00e9 &#8211; Light fermeture roll top | \u00ab&nbsp;Sea to Summit \u00ae&nbsp;\u00bb<\/li>\n\n\n\n<li>Pochette \u00ab&nbsp;\u00e9lectronique&nbsp;\u00bb | Tech Pouch pour PHOTOGRAPHIE, VID\u00c9O &amp; ELECTRONIQUE | 15 x 24 x 10 cm &#8211; Tissus 200D Poly\u00e9thyl\u00e8ne \u00e9tir\u00e9 et trait\u00e9 UHMPE &#8211; impr\u00e9gn\u00e9 r\u00e9sistant \u00e0 l&rsquo;eau. Zip #8 r\u00e9sistant aux intemp\u00e9ries | \u00ab&nbsp;Peak design \u00ae&nbsp;\u00bb Garantie \u00e0 vie (PD)<\/li>\n\n\n\n<li>Pochette de rangement \u00ab organiser&nbsp;\u00bb de sac \u00e0 main mixte&nbsp;| type \u00ab&nbsp;EDC&nbsp;\u00bb (\u00ab&nbsp;que l&rsquo;on porte tous les jours&nbsp;\u00bb) &#8211; Beefy | Protection T\u00e9flon &#8211; Compartiment principal : 15,2 x 20,3 x 5,1 cm Ext\u00e9rieur avant : une (1) poche en maille de 14 cm (L) x 13 cm (H) | \u00ab&nbsp;Maxpedition Legacy series \u00ae&nbsp;\u00bb<\/li>\n\n\n\n<li>Sac poubelle 100 L<\/li>\n\n\n\n<li>Metal Box Plus red XL 2 L &#8211; Bo\u00eete bento aluminium pour r\u00e9coltes (mycologique et naturaliste) | \u00ab&nbsp;Sigg \u00ae&nbsp;\u00bb<\/li>\n<\/ul>\n\n\n\n<pre class=\"wp-block-preformatted\">Module BIVOUACS<br><strong>Attention ! cette liste de mat\u00e9riels est exhaustive, je module selon la situation ou envie ; bien noter la mention [Option xx]<\/strong><\/pre>\n\n\n\n<ul class=\"wp-block-list\">\n<li>[Option A1] Tente d\u00f4me de trekking | Forclaz MT 900 &#8211; Double parois (Toit + Chambre), mi-autoportantes 1 place \u00ab&nbsp;3 saisons&nbsp;\u00bb \/ Hiver-\u00c9t\u00e9 de plaine temp\u00e9r\u00e9e | \u00ab&nbsp;D\u00e9cathlon \u00ae&nbsp;\u00bb 2022 Garantie 5 ans<\/li>\n\n\n\n<li>[Option A2] \u00ab&nbsp;Footprint&nbsp;\u00bb Tapis de sol ultralight pour tente | Forclaz MT 900 &#8211; montage uni-parois : montage tarp sans la chambre (temps pluvieux) montage aussi appel\u00e9 \u00ab Fast and Light&nbsp;\u00bb | \u00ab&nbsp;D\u00e9cathlon \u00ae&nbsp;\u00bb<\/li>\n\n\n\n<li>[Option A3] \u00ab&nbsp;Dry Bag&nbsp;\u00bb Housses imperm\u00e9able de rangement du toit | Forclaz &#8211; Demie-Lune 7 L fermeture roll top | \u00ab&nbsp;D\u00e9cathlon \u00ae&nbsp;\u00bb<\/li>\n\n\n\n<li>[Option B] Tente tunnel de trekking | ultralight raid 980 (Bivouac furtif) | \u00ab&nbsp;coleman \u00ae&nbsp;\u00bb 2005<\/li>\n\n\n\n<li>[Option C1] Tarp (= b\u00e2che) 2,97 x 2,85 imperm\u00e9able 26 points &#8211; Camouflage \u00ab&nbsp;Furtiv&nbsp;\u00bb Solognac | \u00ab&nbsp;D\u00e9cathlon \u00ae&nbsp;\u00bb<\/li>\n\n\n\n<li>[Option C2] Hamac r\u00e9sistant Ripstop &#8211; 1 personne &#8211; Camouflage \u00ab&nbsp;Furtiv&nbsp;\u00bb &#8211; sangles \u00ab&nbsp;\u00e9colo&nbsp;\u00bb Solognac | \u00ab&nbsp;D\u00e9cathlon \u00ae&nbsp;\u00bb<\/li>\n\n\n\n<li>[Option C3] \u00ab&nbsp;Space Blanket&nbsp;\u00bb Couverture de survie r\u00e9utilisable &#8211; 130&#215;210 cm | 100% Poly\u00e9thyl\u00e8ne + Poche &#8211; Forclaz | \u00ab&nbsp;D\u00e9cathlon \u00ae&nbsp;\u00bb<\/li>\n\n\n\n<li>[Option C4] Paracorde 550 | 30 M\u00e8tres De Haute Qualit\u00e9 &#8211; Corde de Parachute 4mm Type III \u00e0 7 &#8211; (R\u00e9sistance : 250 kg &#8211; 4,9 g\/m) cordes lov\u00e9es : pour \u00ab&nbsp;corde fa\u00eeti\u00e8re&nbsp;\u00bb \u00e0 d\u00e9ploiement rapide 1&#215;20 m + \u00ab&nbsp;Tendeurs&nbsp;\u00bb 4&#215;2,5 m &#8211; Pour montage tarp | \u00ab&nbsp;FuckTheFear \u00ae&nbsp;\u00bb + 2 n\u0153ud de Prusik (n\u0153ud autobloquant sym\u00e9trique) &#8211; Paracorde orange r\u00e9fl\u00e9chissante &#8211; 2 mm (20 Kg) &#8211; Quechuas | \u00ab&nbsp;D\u00e9cathlon \u00ae&nbsp;\u00bb<\/li>\n\n\n\n<li>[Option C5] 4 Mousquetons S Forme \u00ab&nbsp;Green&nbsp;\u00bb &#8211; Alliage d&rsquo;Aluminium &#8211; Grand &#8211; Outdoor SAXX | \u00ab&nbsp;ALPLAKE \u00ae&nbsp;\u00bb (secours noeuds \u00ab&nbsp;Tarpe&nbsp;\u00bb)<\/li>\n\n\n\n<li>\u00ab&nbsp;Footprint&nbsp;\u00bb Tapis de sol (Couverture de survie r\u00e9utilisable) | \u00ab&nbsp;Space blanket&nbsp;\u00bb Toile 150 x 210 cm, \u00e9tanche, ultra l\u00e9g\u00e8re, r\u00e9utilisable, isolation thermique, pliable | \u00ab&nbsp;Bearhard \u00ae&nbsp;\u00bb 3.0<\/li>\n\n\n\n<li>4 sardines pour \u00ab&nbsp;Footprint&nbsp;\u00bb Tapis de sol (Couverture de survie r\u00e9utilisable) | aluminium &#8211; Quechua | \u00ab&nbsp;D\u00e9cathlon \u00ae&nbsp;\u00bb<\/li>\n\n\n\n<li>1 piquets de tente (\u00e9troits) | acier inoxydable &#8211; Pour forage Quechua | \u00ab&nbsp;D\u00e9cathlon \u00ae&nbsp;\u00bb<\/li>\n\n\n\n<li>10 piquets de tente (\u00e9troits) | aluminium &#8211; Sols rocailleux Forclaz MT 900 | \u00ab&nbsp;D\u00e9cathlon \u00ae&nbsp;\u00bb<\/li>\n\n\n\n<li>Sac pour piquets \u00ab&nbsp;D\u00e9cathlon \u00ae&nbsp;\u00bb<\/li>\n\n\n\n<li>8 corni\u00e8res de tente (larges) | titane ultra l\u00e9gers en forme de V &#8211; Sols meubles | \u00ab&nbsp;iBasingo \u00ae&nbsp;\u00bb<\/li>\n\n\n\n<li>Sac pour piquets \u00ab&nbsp;iBasingo \u00ae&nbsp;\u00bb<\/li>\n\n\n\n<li>Sac r\u00e9parations (Tentes, Sacs, Chaussures, gourde, couture, divers)<\/li>\n\n\n\n<li>Lampe frontale | Forclaz Trek USB (IPX 4) | \u00ab&nbsp;D\u00e9cathlon \u00ae&nbsp;\u00bb<\/li>\n\n\n\n<li>Sandales de bivouacs | Forclaz T 45 (pied droit) | \u00ab&nbsp;Decathlon \u00ae&nbsp;\u00bb<\/li>\n\n\n\n<li>Matelas mousse de trekking pliable isolant | Forclaz MT 500 (RValue 2,2) 1950 x 550 | \u00ab&nbsp;D\u00e9cathlon \u00ae&nbsp;\u00bb 2022 Garantie 10 ans<\/li>\n\n\n\n<li>\u00ab&nbsp;Liner&nbsp;\u00bb 3 &#8211; saisons Drap de sac \u00ab&nbsp;ou sac \u00e0 viande&nbsp;\u00bb + 1,5-2 \u00b0C | Trekking Forclaz MT 500 Soie &#8211; 100% de soie sans colorants &#8211; \u00e9t\u00e9 | \u00ab&nbsp; D\u00e9cathlon \u00ae&nbsp;\u00bb<\/li>\n\n\n\n<li>\u00ab&nbsp;Liner&nbsp;\u00bb hiver &#8211; Drap de sac \u00ab&nbsp;ou sac \u00e0 viande&nbsp;\u00bb | Trekking Forclaz MT 500 M\u00e9rinos &#8211; 89% de laine sans colorants &#8211; hiver | \u00ab&nbsp; D\u00e9cathlon \u00ae&nbsp;\u00bb<\/li>\n\n\n\n<li>V\u00eatements de nuits haut Couche 1 de transfert | Manches longues laine m\u00e9rinos de trekking sans colorants Forclaz MT 500 &#8211; 86% de laine sans colorants 2XL | \u00ab&nbsp;D\u00e9cathlon \u00ae&nbsp;\u00bb<\/li>\n\n\n\n<li>V\u00eatements de nuits bas Couche 1 de transfert | Boxer en laine m\u00e9rinos de trekking noir Trek 500 &#8211; 86% Laine, 10 % Polyamide, 4 % Elasthanne XL | Forclaz | \u00ab&nbsp;D\u00e9cathlon \u00ae&nbsp;\u00bb<\/li>\n\n\n\n<li>V\u00eatements de nuits haut C2 Polaire | fine &#8211; Quechua MH 500 Temp\u00e9rature de confort de 7 \u00e0 10\u00b0C sans veste suppl\u00e9mentaire 2XL | \u00ab&nbsp;D\u00e9cathlon \u00ae&nbsp;\u00bb&nbsp;<\/li>\n\n\n\n<li>V\u00eatements de nuits Tour de cou type \u00ab&nbsp;Buff \u00ae&nbsp;\u00bb | Laine m\u00e9rinos (89 %) de trekking Forclaz MT500 | \u00ab&nbsp;D\u00e9cathlon \u00ae&nbsp;\u00bb<\/li>\n\n\n\n<li>V\u00eatements de nuits Bonnet | Laine m\u00e9rinos (89 %) de trekking Forclaz MT500 | \u00ab&nbsp;D\u00e9cathlon \u00ae&nbsp;\u00bb<\/li>\n\n\n\n<li>V\u00eatements de nuits chaussettes | Laine m\u00e9rinos (75%) 0\u00b0 en statique &#8211; chasse Solognac STAT900 H | \u00ab&nbsp;D\u00e9cathlon \u00ae&nbsp;\u00bb 44-46<\/li>\n\n\n\n<li>V\u00eatements de nuits sous-gants | Laine m\u00e9rinos Forclaz MT 500 | \u00ab&nbsp;D\u00e9cathlon \u00ae&nbsp;\u00bb 2XL-XL<\/li>\n\n\n\n<li>[Option A3] Sac de couchage 4 Saisons (en plaine hors collin\u00e9en) &#8211; M\u00e9t\u00e9o s\u00e8che | duvet de trekking Forclaz MT 900 XL &#8211; confort 0\u00b0 (risque -5\u00b0) | L72 cm 90 % duvet et 10% plumes canard gris &#8211; 800 CUIN (CUbic INches) | \u00ab&nbsp;D\u00e9cathlon \u00ae&nbsp;\u00bb<\/li>\n\n\n\n<li>[Option C3] Sac de couchage 4 Saisons (en plaine hors collin\u00e9en) &#8211; M\u00e9t\u00e9o humide | synth\u00e9tique de trekking Forclaz MT 500 XL &#8211; confort 0\u00b0 (risque -5\u00b0) | L76 cm 100 % polyester &#8211; 16,7 L | \u00ab&nbsp;D\u00e9cathlon \u00ae&nbsp;\u00bb<\/li>\n\n\n\n<li>[Option C] Sac de couchage 2 Saisons (en plaine hors collin\u00e9en) &#8211; M\u00e9t\u00e9o s\u00e8che | duvet de trekking Forclaz MT 900 L (absence de couche) &#8211; confort 10\u00b0 (risque 5\u00b0) | L73 cm 90 % duvet et 10% plumes canard gris &#8211; 800 CUIN | \u00ab&nbsp;D\u00e9cathlon \u00ae&nbsp;\u00bb<\/li>\n\n\n\n<li>Option D] Sac de couchage \u00e9t\u00e9 | Polyester de trekking Extr\u00eame 600 &#8211; confort 16\u00b0 (risque 13\u00b0) | \u00ab&nbsp;Lafuma \u00ae&nbsp;\u00bb<\/li>\n\n\n\n<li>[Option C4] \u00ab&nbsp;Bivy Bag&nbsp;\u00bb Sur sac de Couchage 2 Saisons Automne &#8211; Hiver &lt; 14\u00b0 | L85x235 cm \u00ab&nbsp;DRYEDGE\u2122&nbsp;\u00bb Polyamide 70 denier 210 T Imperm\u00e9able (Schmerber\/WP 10 000 mm &gt; r\u00e9siste \u00e0 10 m d\u2019eau) &amp; Respirant (MVTR\/MVP 5 000 g\/m2\/24h &gt; peu respirant) | \u00ab&nbsp;Millet \u00ae&nbsp;\u00bb<\/li>\n\n\n\n<li>\u00ab&nbsp;Pillow&nbsp;\u00bb Oreiller de trek | Forclaz | \u00ab&nbsp;D\u00e9cathlon \u00ae&nbsp;\u00bb<\/li>\n\n\n\n<li>V\u00eatements de soir\u00e9es et\/ou nuits haut C3 Doudoune (Printemps &#8211; Automne) | synth\u00e9tique de trekking montagne Forclaz MT50 Temp\u00e9rature de confort de +10\u00b0 en statique | \u00ab&nbsp;D\u00e9cathlon \u00ae&nbsp;\u00bb 2XL<\/li>\n\n\n\n<li>V\u00eatements de soir\u00e9es et\/ou nuits haut C3 bis Doudoune (Hiver en plaine hors collin\u00e9en) | duvet de trekking montagne Forclaz MT500 Temp\u00e9rature de confort de 0\u00b0 en statique | \u00ab&nbsp;D\u00e9cathlon \u00ae&nbsp;\u00bb 2XL<\/li>\n\n\n\n<li>Porte clefs cordage + clefs<\/li>\n<\/ul>\n\n\n\n<pre class=\"wp-block-preformatted\">Mat\u00e9riel photo, vid\u00e9o et son =&gt; \u00e0 part de cette liste<\/pre>\n\n\n\n<pre class=\"wp-block-preformatted\">Module HYDRADATION<\/pre>\n\n\n\n<ul class=\"wp-block-list\">\n<li>Flasque filtre \u00e0 eau 1L |&nbsp;Befree | \u00ab&nbsp;Katadyn \u00ae&nbsp;\u00bb<\/li>\n\n\n\n<li>2 Bouteilles de Boisson \u201csimplBottle\u201c | 1000 mL Gourde \u00c9tanche \u00e0 col Large &#8211; gradu\u00e9e &#8211; sans BPA en copolyester Tritan \u00ae | \u00ab&nbsp;720\u00b0DGREE \u00ae&nbsp;\u00bb<\/li>\n\n\n\n<li>1 Gourde, Bouteille d\u2019Eau \u201cuberBottle\u201c + Fruit-Infuseur | 500 mL, \u00c9tanche, Anti-Fuite &#8211; sans BPA en copolyester Tritan \u00ae | \u00ab&nbsp;720\u00b0DGREE \u00ae&nbsp;\u00bb<\/li>\n<\/ul>\n\n\n\n<pre class=\"wp-block-preformatted\">Module CUISINE<\/pre>\n\n\n\n<ul class=\"wp-block-list\">\n<li>Mini R\u00e9chaud l\u00e9ger, Poche | Po\u00eale \u00e0 Gaz Compact Portable | \u00ab&nbsp;Primus \u00ae&nbsp;\u00bb<\/li>\n\n\n\n<li>Adaptateur de cartouche |&nbsp;pour les cartouches de connexion Campingaz CV sur Po\u00eales \u00e0 filetage \u00e0 vis | \u00ab&nbsp;Jeebel \u00ae&nbsp;\u00bb<\/li>\n\n\n\n<li>Cartouche de gaz | Power Gas 4 saisons avec valve de s\u00e9curit\u00e9. (230 g de gaz sur 390 g) 3\/4 j d\u2019autonomie | \u00ab&nbsp;Primus \u00ae&nbsp;\u00bb<\/li>\n\n\n\n<li>Briquet gaz mini | ferroc\u00e9rium (= \u00ab&nbsp;pierre&nbsp;\u00bb) | \u00ab Bic \u00ae&nbsp;\u00bb<\/li>\n\n\n\n<li>Support de cartouche de Gaz Pliant | \u00ab&nbsp;Alomejor \u00ae&nbsp;\u00bb<\/li>\n\n\n\n<li>Pare vent pliable pour r\u00e9chaud de trekking | Forclaz MT 500 | \u00ab&nbsp;D\u00e9cathlon \u00ae&nbsp;\u00bb<\/li>\n\n\n\n<li>Popote titane | Pot with Pan 1100 mL | \u00ab&nbsp;TOAKS \u00ae&nbsp;\u00bb&nbsp;<\/li>\n\n\n\n<li>Tasse titane type \u00ab&nbsp;quart&nbsp;\u00bb 300 mL | \u00ab&nbsp;Ti-Time \u00ae \u00bb<\/li>\n\n\n\n<li>Tasse pliante en plastique | Foldacup\u00ae original BIG 600&nbsp;mL vert olive &#8211; sans BPA | \u00ab&nbsp;Wildo \u00ae&nbsp;\u00bb<\/li>\n\n\n\n<li>Couteau \u00ab&nbsp;Jackknives&nbsp;\u00bb repliables \u00e9mouture plate &#8211; K9 Kattegat, Couteau de poche tranchant &#8211; avec lame en acier inoxydable noir | \u00ab&nbsp;BERGKVIST \u00ae&nbsp;\u00bb&nbsp;<\/li>\n\n\n\n<li>Couverts titane | CCF | \u00ab&nbsp;Ti-Time \u00ae&nbsp;\u00bb&nbsp;<\/li>\n\n\n\n<li>Ensemble de bo\u00eetes de conserve \u00ab Set of Cans \u00bb 6 PI\u00c8CES &#8211; 2&#215;60 mL, 2&#215;30 mL, 1&#215;30 mL gradu\u00e9, 1&#215;15 mL &#8211; Polycarbonate ; Poly\u00e9thyl\u00e8ne | \u00ab NALGENE \u00ae \u00bb made in USA<\/li>\n\n\n\n<li>\u00ab Flask \u00bb Flacon \u00e0 alcool &#8211; 375 mL &#8211; Polycarbonate, PET (polyethylene terephthalate) sans BPA | \u00ab NALGENE \u00ae \u00bb made in USA<\/li>\n\n\n\n<li>Chiffon micro fibre multi-usages | 32&#215;32 | \u00ab&nbsp;Super U&nbsp;\u00bb<\/li>\n\n\n\n<li>Tampon \u00e0 r\u00e9curer<\/li>\n\n\n\n<li>Sacs \u00ab&nbsp;Ziploc&nbsp;\u00bb Zipper \u00ae | 20 x 15 &#8211; 1 L \u00ab&nbsp;Albal \u00ae&nbsp;\u00bb<\/li>\n\n\n\n<li>Sacs Cong\u00e9lation avec liens | 18 x 25<\/li>\n<\/ul>\n\n\n\n<pre class=\"wp-block-preformatted\">Module orientation<\/pre>\n\n\n\n<ul class=\"wp-block-list\">\n<li>Porte carte topographique papier + boussole | \u00ab&nbsp;Lafuma \u00ae&nbsp;\u00bb + 1 Mousquetons OMUKY S Forme &#8211; Alliage d&rsquo;Aluminium &#8211; Petit | \u00ab&nbsp;OMUKY \u00ae&nbsp;\u00bb<\/li>\n\n\n\n<li>Boussole Miroir \u00e0 bo\u00eetier DP6G militaire | \u00ab&nbsp;Recta \u00ae&nbsp;\u00bb type SUUNTO<\/li>\n\n\n\n<li>Altim\u00e8tre \/ Thermom\u00e8tre \/ Barom\u00e8tre \/ An\u00e9mom\u00e8tre | \u00ab&nbsp;Silva \u00ae&nbsp;\u00bb alba Windwatch + pile \u00ab&nbsp;Energizer&nbsp;\u00bb \u00ae CR 2032 3 V<\/li>\n<\/ul>\n\n\n\n<pre class=\"wp-block-preformatted\">Module Option \u00ab&nbsp;art des bois&nbsp;\u00bb<\/pre>\n\n\n\n<ul class=\"wp-block-list\">\n<li>Couteau \u00ab&nbsp;Bushcraft&nbsp;\u00bb \u00e9mouture bomb\u00e9e Mora Companion MG Noir\/Kaki, Couteau ultra r\u00e9sistant &#8211; avec lame en acier inoxydable noir 10,5 cm | Pour b\u00e2tonnage | \u00ab&nbsp;MORAKNIV \u00ae \u00bb<\/li>\n\n\n\n<li>Scie pliante \u00ab&nbsp;Bushcraft&nbsp;\u00bb | professionnelle \u00e0 grandes dents &#8211; 130 mm &#8211; Curve 726-13 | \u00ab&nbsp;PocketBoy \u00ae&nbsp;\u00bb<\/li>\n\n\n\n<li>Bouffadou | fabrication personnelle<\/li>\n<\/ul>\n\n\n\n<pre class=\"wp-block-preformatted\">Module HYGIENE ET SECURITE<\/pre>\n\n\n\n<ul class=\"wp-block-list\">\n<li>Kit m\u00e9dical compact | POCHETTE TRAUMAPOUCH 2.0 | \u00ab&nbsp;[SOLUTIONS] TRAUMAT +&nbsp;\u00bb<\/li>\n\n\n\n<li>Trousse de secours \u00ab&nbsp;San&nbsp;\u00bb &#8211; Grande autonomie &#8211; (vide : 142 g) &#8211; Aptonia | \u00ab&nbsp;D\u00e9cathlon \u00ae&nbsp;\u00bb (cf. Liste) + Contenu MAJ 2022<\/li>\n\n\n\n<li>Multitool de Poche Suisse | Swiss Card, Taille de La Carte de Cr\u00e9dit, 10 Fonctions, Stylo, Ciseaux, Rouge Transparent | \u00ab&nbsp;Victorinox \u00ae&nbsp;\u00bb<\/li>\n\n\n\n<li>Trousse de toilette (vide : 43 g) | trekking pliable &#8211; Ultra Light Forclaz | \u00ab&nbsp;D\u00e9cathlon \u00ae&nbsp;\u00bb (cf. Liste)<\/li>\n\n\n\n<li>Piluliers (vide) | Bo\u00eete de p\u00eache reverse 500 # sx &#8211; Caperlan | \u00ab&nbsp;D\u00e9cathlon \u00ae&nbsp;\u00bb<\/li>\n\n\n\n<li>Serviette de bain micro fibre &#8211; L xxx | \u00ab&nbsp;D\u00e9cathlon \u00ae&nbsp;\u00bb<\/li>\n\n\n\n<li>Pochette | \u00ab&nbsp;Lowepro \u00ae&nbsp;\u00bb + 4 paquets Mouchoirs papier de poche &#8211; Compact | \u00ab&nbsp;Lotus \u00ae&nbsp;\u00bb + 1 Sacs \u00ab&nbsp;Ziploc&nbsp;\u00bb Zipper\u00ae | 20 x 15 &#8211; 1 L \u00ab&nbsp;Albal \u00ae&nbsp;\u00bb \u00ab&nbsp;Leave No Trace&nbsp;\u00bb<\/li>\n\n\n\n<li>Truelle \u00ab&nbsp;Leave No Trace&nbsp;\u00bb | ultral\u00e9g\u00e8re aluminium 7075-T6 de qualit\u00e9 a\u00e9rospatiale | + Mousquetons OMUKY S Forme &#8211; Alliage d&rsquo;Aluminium &#8211; Grand | \u00ab&nbsp;OMUKY \u00ae&nbsp;\u00bb<\/li>\n<\/ul>\n\n\n\n<pre class=\"wp-block-preformatted\">Module FOND DE SAC - Beefy |\u00a0Maxpedition Legacy series\u00a0\u00bb (sac \u00e0 vide : 166 g)<\/pre>\n\n\n\n<ul class=\"wp-block-list\">\n<li>Carte microSD | HC 32 Go High-Speed + adaptateur USB | \u00ab&nbsp;Lexar \u00ae \u00bb<\/li>\n\n\n\n<li>Brassard r\u00e9tro r\u00e9fl\u00e9chissant + Fluorescent Ajustable et \u00e9lastique &#8211; pour pi\u00e9ton, Jaune Fluo | \u00ab&nbsp;VFLUO ARMTECH \u00ae&nbsp;\u00bb<\/li>\n\n\n\n<li>Ponchos de survie |&nbsp;Ultra l\u00e9gers et imperm\u00e9ables &#8211; Avec capuche &#8211; Pour les situations d&rsquo;urgence | \u00ab&nbsp;Bearhard \u00ae&nbsp;\u00bb<\/li>\n\n\n\n<li>Couverture de survie<\/li>\n\n\n\n<li>Sifflet de Secours en Titane Ultra-Light avec Cordon de Survie | \u00ab&nbsp;Lixada \u00ae&nbsp;\u00bb<\/li>\n\n\n\n<li>Hauban Tente &#8211; 4 Paracorde orange r\u00e9fl\u00e9chissante &#8211; Drisse lov\u00e9e pour montage 2 mm (20 Kg) &#8211; Quechuas | \u00ab&nbsp;D\u00e9cathlon \u00ae&nbsp;\u00bb<\/li>\n\n\n\n<li>1 Garcette orange r\u00e9fl\u00e9chissante | Drisse lov\u00e9e pour haubanage, montage \u00ab&nbsp;tarp&nbsp;\u00bb l\u00e9ger et r\u00e9paration &#8211; 10 M\u00e8tres 4mm &#8211; Quechuas | \u00ab&nbsp;D\u00e9cathlon \u00ae&nbsp;\u00bb<\/li>\n\n\n\n<li>Paire de lunettes de vue de secours + \u00e9tui de protection<\/li>\n\n\n\n<li>Lampe LED d\u2019appoint | solitaire 47 lumens | \u00ab&nbsp;Maglite \u00ae&nbsp;\u00bb<\/li>\n\n\n\n<li>2 Piles LR03 Size AAA OPTIMUM | \u00ab&nbsp;Duracell \u00ae&nbsp;\u00bb made in USA<\/li>\n\n\n\n<li>Couteau pliant de poche en acier inoxydable | 8,5 cm avec d\u00e9manilleur &#8211; Manche en polym\u00e8re \u00ab&nbsp;Waterproof&nbsp;\u00bb &#8211; Sifflet inclus | \u00ab&nbsp;OPINEL \u00ae &#8211; N\u00b008&nbsp;\u00bb<\/li>\n\n\n\n<li>Couteau de Poche Suisse | Waiter, L\u00e9ger, Multitool, 9 Fonctions, Ouvre Boite, Tire Bouchon | \u00ab&nbsp;Victorinox \u00ae&nbsp;\u00bb&nbsp;<\/li>\n\n\n\n<li>Pierre \u00e0 affuter | Pierre naturelle de gr\u00e8s des Pyr\u00e9n\u00e9es 800\/1200 de poche &#8211; Fabrication artisanale fran\u00e7aise &#8211; 120 mm | \u00ab&nbsp;l\u2019Ari\u00e9geoise&nbsp;\u00bb<\/li>\n\n\n\n<li>\u00ab&nbsp;Firesteel&nbsp;\u00bb tendre &#8211; \u00ab&nbsp;Pierre&nbsp;\u00bb allume feu en alliage m\u00e9tallique artificiel de ferroc\u00e9rium | Bear Grylls Survival Series | \u00ab&nbsp;Gerber&nbsp;\u00bb<\/li>\n\n\n\n<li>A Bo\u00eete \u00e0 feu (vide) Bo\u00eete en fer-blanc, 100% sans plastique, en mat\u00e9riau recyclable &#8211; 110 x 88 x 32,5 mm | \u00ab&nbsp;Hydrophil&nbsp;\u00bb<\/li>\n\n\n\n<li>A1 Kit feu | Laines feu de camp | \u00ab&nbsp;Feniks \u00ae&nbsp;\u00bb<\/li>\n\n\n\n<li>A2 Bois gras de Pinus sp., cire &amp; coton, etc, \u00e9corces de B\u00e9tulac\u00e9e\u2026<\/li>\n\n\n\n<li>Briquet temp\u00eate classique | \u00ab&nbsp;Zippo \u00ae&nbsp;\u00bb<\/li>\n\n\n\n<li>Flacon 12 mL essence Premium Lighter Fluid | \u00ab&nbsp;Zippo \u00ae&nbsp;\u00bb<\/li>\n\n\n\n<li>Briquet gaz | ferroc\u00e9rium (= \u00ab&nbsp;pierre&nbsp;\u00bb) maxi + 3 000 allumages | \u00ab Bic \u00ae&nbsp;\u00bb<\/li>\n\n\n\n<li>12 allumettes temp\u00eate | fabrication suisse | \u00ab&nbsp;Miltec \u00ae&nbsp;\u00bb<\/li>\n\n\n\n<li>\u00ab&nbsp;Cuichette&nbsp;\u00bb | Couvert pliant MT 500 Blue &#8211; Forclaz | \u00ab&nbsp;D\u00e9cathlon \u00ae&nbsp;\u00bb<\/li>\n\n\n\n<li>\u00ab&nbsp;Duct tape&nbsp;\u00bb ruban adh\u00e9sif toil\u00e9 Blazer Haute Performance, 25 mm Noir | Confortable haute performance | \u00ab&nbsp;3M \u00ae&nbsp;\u00bb<\/li>\n\n\n\n<li>\u00ab&nbsp;Gaffer Duct Tape&nbsp;\u00bb ruban adh\u00e9sif toil\u00e9 Am\u00e9ricain 50mm &#8211; \u00c9tanche extra fort pour r\u00e9parations fixation regroupement int\u00e9rieur et ext\u00e9rieur photo et vid\u00e9o | \u00ab&nbsp;Sanojtape \u00ae &nbsp;\u00bb<\/li>\n\n\n\n<li>1 Sac poubelle 100 litres<\/li>\n\n\n\n<li>3 sac poubelles pour d\u00e9chets &#8211; 10 litres | \u00ab&nbsp;handy bag \u00ae&nbsp;\u00bb<\/li>\n\n\n\n<li>2 Sacs \u00ab&nbsp;Ziploc&nbsp;\u00bb Zipper\u00ae | 20 x 15 &#8211; 1 L \u00ab&nbsp;Albal \u00ae&nbsp;\u00bb<\/li>\n\n\n\n<li>Coupe-Ongles | Acier Inoxydable &#8211; \u0152illet de Fixation, Rouge | \u00ab&nbsp;Victorinox \u00ae&nbsp;\u00bb<\/li>\n\n\n\n<li>Mouchoirs papier de poche &#8211; Compact | \u00ab&nbsp;Lotus \u00ae&nbsp;\u00bb<\/li>\n\n\n\n<li>Marqueur Permanent | Pointe fine Noir | \u00ab&nbsp;Sharpie \u00ae&nbsp;\u00bb&nbsp;<\/li>\n\n\n\n<li>Crayon 4 Couleurs 3 +1 HB | Stylo-Bille R\u00e9tractable et Porte-Mines | \u00ab&nbsp;Bic \u00ae&nbsp;\u00bb made in France et Japon<\/li>\n\n\n\n<li>Carnet de notes Bloc n\u00b011 &#8211; 80 p. 7,4 x 10,5 cm | \u00ab&nbsp;Rhodia&nbsp;\u00bb made in France<\/li>\n\n\n\n<li>Cadenas TSA (Transportation Security Administration) | Intl\u2019 | Pats &#8211; code \u00e0 chiffres | \u00ab&nbsp;Master \u00ae&nbsp;\u00bb<\/li>\n\n\n\n<li>Loupe de Poche, Loupe Botaniste<\/li>\n<\/ul>\n\n\n\n<pre class=\"wp-block-preformatted\">VETEMENTS PORT\u00c9S Hiver &amp; \u00c9t\u00e9 en plaine atlantique (&lt; (600) 800 m alt.) - Mat\u00e9riels port\u00e9s : poids non pris en compte.<\/pre>\n\n\n\n<ul class=\"wp-block-list\">\n<li>Veste de pluie imperm\u00e9able \u00ab&nbsp;Hard shell&nbsp;\u00bb &#8211; MH 900 &#8211; Printemps &#8211; \u00e9t\u00e9| Tissus membran\u00e9 3 couches | Imperm\u00e9able (Schmerber\/WP 25 000 mm &gt; r\u00e9siste \u00e0 25 m d\u2019eau) &amp; Respirant 6 RET &gt; tr\u00e8s respirant) | Rev\u00eatement ext\u00e9rieur 100 % polyester : souplesse | \u00ab&nbsp;D\u00e9cathlon \u00ae&nbsp;\u00bb 2024 (614 g)<\/li>\n\n\n\n<li>Coupe-vent &#8211; imperm\u00e9able \u00ab&nbsp;Hard shell&nbsp;\u00bb &#8211; HyVent Automne &#8211; Hiver &lt; 14\u00b0 | Imperm\u00e9able (Schmerber\/WP 10 000 mm &gt; r\u00e9siste \u00e0 10 m d\u2019eau) &amp; Respirant (MVTR\/MVP 5 000 g\/m2\/24h &gt; peu respirant) | \u00ab&nbsp;The North Face \u00ae&nbsp;\u00bb 2004 (965 g)<\/li>\n\n\n\n<li>Veste polaire chaude de randonn\u00e9e &#8211; SH100 U-WARM | Quechua | \u00ab&nbsp;D\u00e9cathlon \u00ae &nbsp;\u00bb (764 g)<\/li>\n\n\n\n<li>3-en-1 Poncho Multi-Fonctionnel Imperm\u00e9able | Cape-Poncho, Parasol, Tapis de Sol &#8211; avec \u0153illets &#8211; 217 x 143 cm 100 % Polyester | \u00ab&nbsp;SaphiRose \u00ae&nbsp;\u00bb<\/li>\n\n\n\n<li>Pantalon \u00ab&nbsp;Trek soft Shell&nbsp;\u00bb d\u00e9perlant et coupe vent de trek montagne | Forclaz MT 500 | \u00ab&nbsp;D\u00e9cathlon \u00ae &nbsp;\u00bb (511 g)<\/li>\n\n\n\n<li>Paire de chaussures marche | Tige moyenne \u00ab&nbsp;Mid&nbsp;\u00bb en cuir &#8211; imperm\u00e9able Novadry\u00ae Trek 100 H (45 pied droit) | \u00ab&nbsp;D\u00e9cathlon \u00ae&nbsp;\u00bb 2022 Garantie 2 ans (1206 g)<\/li>\n\n\n\n<li>2 Paires de chaussettes | Marche toutes saisons &#8211;<\/li>\n\n\n\n<li>Moufles-mitaines chasse Kaki | Thinsulate \u00ae \u00ab&nbsp;3M&nbsp;\u00bb (168 g)<\/li>\n\n\n\n<li>Gants tactiles et stretching de trekking montagne | Temp\u00e9rature de confort 9\u00b0C (limite 4\u00b0C) &#8211; 87% Polyester, 13% \u00c9lasthanne | Forclaz MT 500 | \u00ab&nbsp;D\u00e9cathlon \u00ae&nbsp;\u00bb (51 g)<\/li>\n\n\n\n<li>[Option sous couche] Sous-Bonnet Hiver\/\u00c9t\u00e9 | polyamide et \u00e9lasthanne | membrane Windstopper\u00ae con\u00e7us pour vous prot\u00e9ger dans des conditions climatiques vari\u00e9es, quel que soit le type d\u2019effort. Vous pouvez vous concentrer sur votre activit\u00e9 sans \u00eatre g\u00ean\u00e9 par le froid, l\u2019humidit\u00e9 ou l\u2019exc\u00e8s de chaleur.<\/li>\n\n\n\n<li>[Option chaleur et fort soleil] Bob Australien | \u00c9t\u00e9 &#8211; Coton | Outdoor \u00ab&nbsp;Bushline \u00ae&nbsp;\u00bb<\/li>\n\n\n\n<li>[Option chaleur] Casquette cache nuque Hunter | Printemps &#8211; textiles techniques Colamtex (Polyester &amp; Coton) imperm\u00e9able<\/li>\n\n\n\n<li>[Option pluie] Bob Hunter | Hiver &#8211; textiles techniques Colamtex (Polyester &amp; Coton) | \u00ab&nbsp;Colamtiss&nbsp;\u00bb imperm\u00e9able<\/li>\n\n\n\n<li>[Option chaleur] Echarpe Kaki Laine polaire | Polartec\u00ae \u00ab&nbsp;Cairn&nbsp;\u00bb (94 g)<\/li>\n\n\n\n<li>[Option chaleur] Bonnet Kaki | Thinsulate\u00ae \u00ab&nbsp;3M&nbsp;\u00bb (79 g)<\/li>\n\n\n\n<li>[Option chaleur] Cache cou chaud vert 100 &#8211; 100% Polyester | Solognac | \u00ab&nbsp;D\u00e9cathlon \u00ae&nbsp;\u00bb (38 g)<\/li>\n\n\n\n<li>Gu\u00eatres | supertrac 500 v2 | Solognac | \u00ab&nbsp;D\u00e9cathlon \u00ae&nbsp;\u00bb (337 g)<\/li>\n\n\n\n<li>Moustiquaire de t\u00eate<\/li>\n\n\n\n<li>1 B\u00e2ton ultra compact de trekking | Forclaz MT 500 | \u00ab&nbsp;D\u00e9cathlon \u00ae &nbsp;\u00bb (270 g)<\/li>\n\n\n\n<li>1 \u00ab&nbsp;P\u00f4le tips&nbsp;\u00bb Embout de b\u00e2ton | Forclaz \u00ab&nbsp;D\u00e9cathlon&nbsp;\u00ae&nbsp;\u00bb (11 g)<\/li>\n<\/ul>\n\n\n\n<pre class=\"wp-block-preformatted\">NATURALISME &amp; AUTRES<\/pre>\n\n\n\n<ul class=\"wp-block-list\">\n<li>Livres naturalistes (2 vol. de Provost)<\/li>\n\n\n\n<li>Kindle 10e g\u00e9n\u00e9ration<\/li>\n\n\n\n<li>Filet \u00e0 papillons, fauchoir..<\/li>\n<\/ul>\n\n\n\n<pre class=\"wp-block-preformatted\">Module DIVERS<\/pre>\n\n\n\n<ul class=\"wp-block-list\">\n<li>AirTag : Protection contre vol en soute de Car et Train du sac \u00e0 dos | \u00ab&nbsp;Apple \u00ae&nbsp;\u00bb<\/li>\n\n\n\n<li>\u00ab&nbsp;Seat Pad&nbsp;\u00bb &#8211; Coussin d\u2019assise en mousse isolante | Forclaz MT 500 | \u00ab&nbsp;D\u00e9cathlon \u00ae&nbsp;\u00bb<\/li>\n\n\n\n<li>2 paquets Mouchoirs papier de poche &#8211; Compact | \u00ab&nbsp;Lotus \u00ae&nbsp;\u00bb<\/li>\n\n\n\n<li>Banane compact &#8211; Compact bumbag blk travel &#8211; 2 L | Forclaz | \u00ab&nbsp;D\u00e9cathlon \u00ae&nbsp;\u00bb<\/li>\n<\/ul>\n\n\n\n<hr class=\"wp-block-separator has-alpha-channel-opacity\"\/>\n\n\n\n<p><strong>Clich\u00e9s \u00ab&nbsp;autoportrait&nbsp;\u00bb en m\u00e9daillon :<\/strong><\/p>\n\n\n\n<ul class=\"wp-block-list\">\n<li>Gaby AR BRAZ Dirlem &#8211; Nikon D700 &#8211; Ecosystema.fr \u2122 \u00a9<\/li>\n\n\n\n<li>Gaby AR BRAZ Dirlem &#8211; Diapositive : Fuji Velvia 50 ISO &#8211; Ecosystema.fr \u2122 \u00a9\n<ul class=\"wp-block-list\">\n<li>(1) Francesca (CBN Bailleul)<\/li>\n\n\n\n<li>(2 &amp; 3) Laurence (CBN Brest)<\/li>\n<\/ul>\n<\/li>\n<\/ul>\n\n\n\n<hr class=\"wp-block-separator has-alpha-channel-opacity\"\/>\n\n\n\n<p>Licence Creative Commons : <strong>CC BY-NC-ND 3.0<\/strong> &#8211; Pas d\u2019utilisation commerciale \/ Pas de modification.<\/p>\n","protected":false},"excerpt":{"rendered":"<p>Voil\u00e0 la \u00ab Gear list \u00bb 1990-2024 : mais attention \u26a0\ufe0f sachez que le mat\u00e9riel est secondaire pour moi. Et cette liste est \u00e9tablie le plus sinc\u00e8rement possible, pour ne pas faire de vid\u00e9o incessante de contenu de sac. Je laisse cela d\u2019autres &#8211; bien plus au fait, du mat\u00e9riel du moment.<br \/>\nEt surtout, ayez une d\u00e9marche minimaliste de votre pratique du bivouacs \ud83d\ude05\u2026 ce qui n\u2019aura pas \u00e9t\u00e9 mon cas en 2024\u2757\ufe0fmais cela me fait plaisir.<\/p>\n","protected":false},"author":1,"featured_media":3672,"comment_status":"open","ping_status":"open","sticky":false,"template":"","format":"standard","meta":{"footnotes":""},"categories":[33,34,5,8,9,10,26,38,32],"tags":[45,52,155,156,72,153,84,113,87,99],"class_list":["post-3165","post","type-post","status-publish","format-standard","has-post-thumbnail","hentry","category-art-des-bois-bushcraft","category-bivouac-naturaliste","category-bretagne","category-culture","category-ecologie","category-environnementalisme","category-massif-armoricain","category-trekking","category-voyage","tag-bivouacs","tag-bushcraft","tag-decathlon","tag-forclaz","tag-gear-list","tag-gps","tag-liste-materiel","tag-massif-armoricain","tag-naturalisme","tag-randonnees"],"jetpack_featured_media_url":"https:\/\/ecosystema.fr\/wp-content\/uploads\/2024\/08\/ecosystema_gabydirlem_0006-1.jpg","_links":{"self":[{"href":"https:\/\/ecosystema.fr\/index.php\/wp-json\/wp\/v2\/posts\/3165","targetHints":{"allow":["GET"]}}],"collection":[{"href":"https:\/\/ecosystema.fr\/index.php\/wp-json\/wp\/v2\/posts"}],"about":[{"href":"https:\/\/ecosystema.fr\/index.php\/wp-json\/wp\/v2\/types\/post"}],"author":[{"embeddable":true,"href":"https:\/\/ecosystema.fr\/index.php\/wp-json\/wp\/v2\/users\/1"}],"replies":[{"embeddable":true,"href":"https:\/\/ecosystema.fr\/index.php\/wp-json\/wp\/v2\/comments?post=3165"}],"version-history":[{"count":17,"href":"https:\/\/ecosystema.fr\/index.php\/wp-json\/wp\/v2\/posts\/3165\/revisions"}],"predecessor-version":[{"id":3728,"href":"https:\/\/ecosystema.fr\/index.php\/wp-json\/wp\/v2\/posts\/3165\/revisions\/3728"}],"wp:featuredmedia":[{"embeddable":true,"href":"https:\/\/ecosystema.fr\/index.php\/wp-json\/wp\/v2\/media\/3672"}],"wp:attachment":[{"href":"https:\/\/ecosystema.fr\/index.php\/wp-json\/wp\/v2\/media?parent=3165"}],"wp:term":[{"taxonomy":"category","embeddable":true,"href":"https:\/\/ecosystema.fr\/index.php\/wp-json\/wp\/v2\/categories?post=3165"},{"taxonomy":"post_tag","embeddable":true,"href":"https:\/\/ecosystema.fr\/index.php\/wp-json\/wp\/v2\/tags?post=3165"}],"curies":[{"name":"wp","href":"https:\/\/api.w.org\/{rel}","templated":true}]}}