{"id":2918,"date":"2022-10-24T11:43:47","date_gmt":"2022-10-24T09:43:47","guid":{"rendered":"https:\/\/ecosystema.fr\/?p=2918"},"modified":"2023-07-11T15:34:17","modified_gmt":"2023-07-11T13:34:17","slug":"la-fin-de-lannee-approche-qui-suis-je-entre-doute-raison-et-une-pratique-assumee-de-lessentialisme-et-du-minimalisme-comme-sacerdoce","status":"publish","type":"post","link":"https:\/\/ecosystema.fr\/index.php\/2022\/10\/24\/la-fin-de-lannee-approche-qui-suis-je-entre-doute-raison-et-une-pratique-assumee-de-lessentialisme-et-du-minimalisme-comme-sacerdoce\/","title":{"rendered":"La fin de L\u2019ann\u00e9e approche ; qui suis-je ? Entre doute\/raison, et une pratique assum\u00e9e de \u00ab l\u2019essentialisme \u00bb et du minimalisme, comme sacerdoce"},"content":{"rendered":"\n<div class=\"wp-block-media-text is-stacked-on-mobile\"><figure class=\"wp-block-media-text__media\"><img loading=\"lazy\" decoding=\"async\" width=\"300\" height=\"204\" src=\"https:\/\/ecosystema.fr\/wp-content\/uploads\/2022\/10\/ecosystema_gabydirlem_0006-300x204.jpg\" alt=\"\" class=\"wp-image-2923 size-full\" srcset=\"https:\/\/ecosystema.fr\/wp-content\/uploads\/2022\/10\/ecosystema_gabydirlem_0006-300x204.jpg 300w, https:\/\/ecosystema.fr\/wp-content\/uploads\/2022\/10\/ecosystema_gabydirlem_0006.jpg 600w\" sizes=\"auto, (max-width: 300px) 100vw, 300px\" \/><\/figure><div class=\"wp-block-media-text__content\">\n<p>Gaby, tu travailles ou tu contemples \u2753<\/p>\n<\/div><\/div>\n\n\n\n<hr class=\"wp-block-separator has-alpha-channel-opacity\"\/>\n\n\n\n<p>Salutations aux marcheurs, pratiquants du trekking, du bushcraft (ou \u00ab art de la nature \u00bb), etc., et surtout r\u00eaveurs et autres passionn\u00e9s d\u2019\u00e9cologie pratique\/th\u00e9orique et naturalisme Faune\/Flore \ud83c\udf3f\ud83c\udf0d.<br \/>Avant d\u2019aller plus loin, je vous invite \u00e0 examiner mon \u00ab Projet 77 \u00bb (voir le lien en fin de post).<\/p>\n\n\n\n<p>Une question : que suis-je maintenant \u2753quelle version de l\u2019homme suis-je devenue ?<br \/>Certainement, un homme toujours la t\u00eate dans les nuages, les racines dans le sol. Ensuite, profond\u00e9ment attach\u00e9 \u00e0 l&rsquo;intentionnalit\u00e9 des actes et se clamant comme un \u00ab&nbsp;biophile&nbsp;\u00bb. Non, ?<\/p>\n\n\n\n<p>Mais, quelles trajectoires \u00e0 cette posture assum\u00e9e ?<\/p>\n\n\n\n<p>Ayant pris des d\u00e9cisions drastiques dans mon existence, apr\u00e8s cinq ans militaire, vingt-cinq comme \u00c9cologue naturaliste ; en 2014, je me suis d\u00e9barrass\u00e9, de mon statut de cadres et je me suis engag\u00e9 dans une d\u00e9marche \u00ab&nbsp;essentialiste&nbsp;\u00bb (mieux et moins) et minimaliste (se d\u00e9sencombrer l\u2019esprit et le mat\u00e9riel environnant).<\/p>\n\n\n\n<p>Et, le prix \u00e0 payer, je suis devenu\u2026 un indigent ? Oui, un \u00ab&nbsp;\u00e9clair\u00e9&nbsp;\u00bb ?<\/p>\n\n\n\n<p>Minimaliste oui, mais pas pour mes deux activit\u00e9s : le bivouac (Naturalistes) et l\u2019informatique (Geek) et ce n\u2019est pas un v\u0153u d\u2019\u00e9chec, non ! Un choix r\u00e9aliste.<\/p>\n\n\n\n<p>C\u2019est depuis cet \u00e9v\u00e9nement majeur (2014) qu\u2019il est temps pour moi de vous transmettre mes p\u00e9r\u00e9grinations dans le massif Armoricain. Pourquoi maintenant me diriez-vous ? Peut-\u00eatre pour f\u00eater mes 50 bougies, un symbolique demi-si\u00e8cle, et laisser derri\u00e8re moi mes 30 ans professionnels, de m\u00eame qu&rsquo;oublier mes primes 20 ans de jeunesse et son environnement toxique d\u00e9vastateur\u2026 mais passons : c\u2019est aussi l\u2019\u00e9cole de la vie. Et, avec un peu plus de r\u00e9silience, j&rsquo;y ai rechap\u00e9 ; d\u2019autres pas\u2026<\/p>\n\n\n\n<p>Et, ainsi pour moi aussi, une nouvelle vie, plus \u00ab locale \u00bb et intimiste avec la Nature bretonne, mon nouveau creuset.<br \/>Enfin, je ne veux plus fuir dans une course effr\u00e9n\u00e9e mais : devenir un contemplatif de la nature bretonne ; tels est mon credo.<br \/>Le compteur est lanc\u00e9 \u00e0 50 + (bougies et compteur lanc\u00e9 le 03 f\u00e9vrier 2022)<\/p>\n\n\n\n<p>Une philosophie de vie aussi : voyager seul, en revanche un comble pour un temp\u00e9rament \u00e9minemment sociable \ud83d\ude2c : pourrais-je m\u2019y astreindre ? Oui !, mais seulement si je puis le partager, ensuite \u00e0 mes p\u00e9r\u00e9grinations et de merveilleuses ? D\u00e9couvertes\u2026<\/p>\n\n\n\n<p>Plus philosophiquement \ud83e\udd14 c\u2019est aussi un besoin de d\u00e9connexion : le fait d\u2019\u00eatre tout le temps connect\u00e9 et l\u2019injonction \u00e0 la disponibilit\u00e9 permanente, sont \u00e9puisants (ce fut le cas pendant ma fuite en avant comme \u00e9cologue professionnel). Par ailleurs, les exp\u00e9riences deviennent banales (un comble ! tant l\u2019univers de l\u2019\u00e9cologie naturaliste est vaste).<br \/>Voyager seul permet \u00e0 mon sens, donc :<\/p>\n\n\n\n<ul class=\"wp-block-list\">\n<li>tout d&rsquo;abord, de retrouver de l\u2019intensit\u00e9 ou de l\u2019authenticit\u00e9 ;<\/li>\n\n\n\n<li>et en m\u00eame temps, de red\u00e9couvrir les vertus de l\u2019ennui : parfois apprendre \u00e0 ne rien faire, int\u00e9rioriser un moment, une observation naturaliste sans enjeux ni contraintes, seulement contempler, \u00eatre vivant !<br \/>Deux id\u00e9es qui ne sont finalement peut-\u00eatre pas forc\u00e9ment antinomiques\u2026 pourrais-je en douter ?<\/li>\n<\/ul>\n\n\n\n<p>Concr\u00e8tement, que vais-je faire ? Pour d\u00e9buter et apr\u00e8s longtemps avec un mat\u00e9riel de randonn\u00e9e tr\u00e8s sommaire (un sur-sac et une bo\u00eete de sardine \u00e0 l\u2019huile, du pain sec\u2026), j\u2019ai investi dans du mat\u00e9riel de \u00ab&nbsp;Trekking&nbsp;\u00bb plus \u00ab&nbsp;l\u00e9ger&nbsp;\u00bb. Item presque exclusivement \u00ab&nbsp;D\u00e9cathlon&nbsp;\u00bb (je ne suis pas sponsoris\u00e9 \ud83e\udd2a) pour partie. Et, \u00e0 la mesure de mes actuels faibles resources ; cela aussi pour soulager les genoux meurtris par mon m\u00e9tier de Pompier et des milliers de kilom\u00e8tres de course \u00e0 pied.<\/p>\n\n\n\n<p>Gr\u00e2ce \u00e0 cela, j&rsquo;ai un \u00e9quipement 3\/4 saisons (hiver breton doux sous collin\u00e9en &lt; 800 m) inf\u00e9rieur \u00e0 12 kg. Poids hors mat\u00e9riel photographique, vid\u00e9o et mat\u00e9riel naturaliste (\u00ab flore \u00bb, filets, etc.) port\u00e9s par un sac de 70 litres (2,7 kg \u2757\ufe0fles aficionados d\u2019Osprey vont pleurer ou se moquer) \u00e0 armature, pour les charges lourdes cit\u00e9es pr\u00e9c\u00e9demment.<\/p>\n\n\n\n<p>Chaque d\u00e9but d\u2019ann\u00e9e, je vous communiquerai la liste et le poids du mat\u00e9riel : pour 2022, il s\u2019agit de la version 10.2 (initi\u00e9e en 2015 et largement compl\u00e9t\u00e9e cette ann\u00e9e 2022 \u21d2 voir en fin de \u00ab&nbsp;post&nbsp;\u00bb. Actuellement, mon sac est de 10 kg en mode tente et plus lourd en hamacs. Je vise les 15 kg au maximum selon les options.<\/p>\n\n\n\n<p>Cela \u00e9tant, je pr\u00e9cise bien, que je ne connais quasiment rien \u00e0 la randonn\u00e9e de plus de deux jours en bivouacs. J\u2019ai bien march\u00e9 15-25 km par jour pendant 25 ans ; mais je n\u2019ai jamais fait plus d\u2019une nuit en \u00ab&nbsp;sur sac&nbsp;\u00bb de couchage durant trois saisons.<br \/>Nonobstant durant mon lointain scoutisme, aussi trois saisons hivernales en Corse avec des personnes exp\u00e9riment\u00e9es, du \u00ab&nbsp;tarpe&nbsp;\u00bb en Guyane. Mais, je m\u2019affirme comme un grand n\u00e9ophyte du bivouac de moyenne dur\u00e9e.<\/p>\n\n\n\n<p>Il me reste donc tout \u00e0 apprendre de m\u00eame que de conna\u00eetre le confort d\u2019une tente en couchage duvets ou le hamac en couchage synth\u00e9tique et de manger chaud \u00e0 l&rsquo;abri de la pluie si commune en massif Armoricain et\u2026 Finist\u00e8re.<\/p>\n\n\n\n<p>Comment ai-je pu me priver de temps de confort pendant 25 ans \u2753un sympt\u00f4me probablement de ma folie de travail et de son aveuglement.<\/p>\n\n\n\n<p>Voil\u00e0 ! Merci \ud83d\ude4f et \u00e0 bient\u00f4t sur les chemins du massif Armoricain et parfois un d\u00e9tour dans le riche continent europ\u00e9en.<\/p>\n\n\n\n<p>Je vous souhaite un bon parcours ici et l\u00e0-bas,<br \/>Tr\u00e8s sinc\u00e8rement<br \/>Gabriel<\/p>\n\n\n\n<p>\ud83c\udf3f Ecosystema.fr \ud83c\udf3f<\/p>\n\n\n\n<hr class=\"wp-block-separator has-alpha-channel-opacity\"\/>\n\n\n\n<p>Voir aussi :<\/p>\n\n\n\n<ul class=\"wp-block-list\">\n<li>Liste mat\u00e9riel version 10.02 pour 2021-2022 : [<a href=\"https:\/\/ecosystema.fr\/index.php\/2022\/05\/18\/presentation-de-ma-demarche-de-bivouacs-naturalistes-et-gear-list-ver-10-02-ete-hiver-2022\/\" target=\"_blank\" rel=\"noreferrer noopener\">Pr\u00e9sentation du mat\u00e9riel <\/a>]<\/li>\n\n\n\n<li>Un guide pour mes p\u00e9r\u00e9grinations : le \u00ab Projet 77 \u00bb [<a href=\"https:\/\/ecosystema.fr\/index.php\/2022\/02\/05\/projet-77-et-bivouacs-en-finistere-et-massif-armoricain\/\" target=\"_blank\" rel=\"noreferrer noopener\">Ici le projet \u00ab 77 \u00bb<\/a>]<\/li>\n<\/ul>\n","protected":false},"excerpt":{"rendered":"<p>Gaby, tu travailles ou tu contemples \u2753 Salutations aux marcheurs, pratiquants du trekking, du bushcraft (ou \u00ab art de la nature \u00bb), etc., et surtout r\u00eaveurs et autres passionn\u00e9s d\u2019\u00e9cologie pratique\/th\u00e9orique et naturalisme Faune\/Flore \ud83c\udf3f\ud83c\udf0d.Avant d\u2019aller plus loin, je vous invite \u00e0 examiner mon \u00ab Projet 77 \u00bb (voir le lien en fin de post).&hellip;<\/p>\n","protected":false},"author":1,"featured_media":2922,"comment_status":"open","ping_status":"open","sticky":true,"template":"","format":"standard","meta":{"footnotes":""},"categories":[33,34,5,9,26,36,38],"tags":[45,49,129,62,127,69,87,128],"class_list":["post-2918","post","type-post","status-publish","format-standard","has-post-thumbnail","hentry","category-art-des-bois-bushcraft","category-bivouac-naturaliste","category-bretagne","category-ecologie","category-massif-armoricain","category-randonnee","category-trekking","tag-bivouacs","tag-bretagne","tag-developpement-personnel","tag-ecologie","tag-environnement","tag-finistere","tag-naturalisme","tag-nature"],"jetpack_featured_media_url":"https:\/\/ecosystema.fr\/wp-content\/uploads\/2022\/10\/ecosystema_gabydirlem_0004-1.jpg","_links":{"self":[{"href":"https:\/\/ecosystema.fr\/index.php\/wp-json\/wp\/v2\/posts\/2918","targetHints":{"allow":["GET"]}}],"collection":[{"href":"https:\/\/ecosystema.fr\/index.php\/wp-json\/wp\/v2\/posts"}],"about":[{"href":"https:\/\/ecosystema.fr\/index.php\/wp-json\/wp\/v2\/types\/post"}],"author":[{"embeddable":true,"href":"https:\/\/ecosystema.fr\/index.php\/wp-json\/wp\/v2\/users\/1"}],"replies":[{"embeddable":true,"href":"https:\/\/ecosystema.fr\/index.php\/wp-json\/wp\/v2\/comments?post=2918"}],"version-history":[{"count":5,"href":"https:\/\/ecosystema.fr\/index.php\/wp-json\/wp\/v2\/posts\/2918\/revisions"}],"predecessor-version":[{"id":3542,"href":"https:\/\/ecosystema.fr\/index.php\/wp-json\/wp\/v2\/posts\/2918\/revisions\/3542"}],"wp:featuredmedia":[{"embeddable":true,"href":"https:\/\/ecosystema.fr\/index.php\/wp-json\/wp\/v2\/media\/2922"}],"wp:attachment":[{"href":"https:\/\/ecosystema.fr\/index.php\/wp-json\/wp\/v2\/media?parent=2918"}],"wp:term":[{"taxonomy":"category","embeddable":true,"href":"https:\/\/ecosystema.fr\/index.php\/wp-json\/wp\/v2\/categories?post=2918"},{"taxonomy":"post_tag","embeddable":true,"href":"https:\/\/ecosystema.fr\/index.php\/wp-json\/wp\/v2\/tags?post=2918"}],"curies":[{"name":"wp","href":"https:\/\/api.w.org\/{rel}","templated":true}]}}