{"id":2818,"date":"2022-10-08T09:09:56","date_gmt":"2022-10-08T07:09:56","guid":{"rendered":"https:\/\/ecosystema.fr\/?p=2818"},"modified":"2023-06-29T17:17:56","modified_gmt":"2023-06-29T15:17:56","slug":"horreur-mon-erable-est-attaque-par-les-fungi-ou-la-la-maladie-des-croutes-noires","status":"publish","type":"post","link":"https:\/\/ecosystema.fr\/index.php\/2022\/10\/08\/horreur-mon-erable-est-attaque-par-les-fungi-ou-la-la-maladie-des-croutes-noires\/","title":{"rendered":"Horreur ! mon \u00e9rable est attaqu\u00e9 par les Fungi ou la \u00ab maladie des cro\u00fbtes noires \u00bb"},"content":{"rendered":"\n<figure class=\"wp-block-image size-large\"><img loading=\"lazy\" decoding=\"async\" width=\"1024\" height=\"681\" src=\"https:\/\/ecosystema.fr\/wp-content\/uploads\/2022\/10\/02102022_glb6954-1024x681.jpg\" alt=\"\" class=\"wp-image-2816\" srcset=\"https:\/\/ecosystema.fr\/wp-content\/uploads\/2022\/10\/02102022_glb6954-1024x681.jpg 1024w, https:\/\/ecosystema.fr\/wp-content\/uploads\/2022\/10\/02102022_glb6954-300x200.jpg 300w, https:\/\/ecosystema.fr\/wp-content\/uploads\/2022\/10\/02102022_glb6954-768x511.jpg 768w, https:\/\/ecosystema.fr\/wp-content\/uploads\/2022\/10\/02102022_glb6954-1536x1022.jpg 1536w, https:\/\/ecosystema.fr\/wp-content\/uploads\/2022\/10\/02102022_glb6954-2048x1363.jpg 2048w, https:\/\/ecosystema.fr\/wp-content\/uploads\/2022\/10\/02102022_glb6954-809x538.jpg 809w\" sizes=\"auto, (max-width: 1024px) 100vw, 1024px\" \/><figcaption class=\"wp-element-caption\">Stade \u00ab imparfait \u00bb <em>Melasmia acerina<\/em> &#8211; 02\/10\/2022<\/figcaption><\/figure>\n\n\n\n<hr class=\"wp-block-separator has-alpha-channel-opacity\"\/>\n\n\n\n<h2 class=\"wp-block-heading\">Remerciements<\/h2>\n\n\n\n<p>Merci au Professeur BOULLARD de L\u2019universit\u00e9 de Rouen, de m\u2019avoir initi\u00e9 \u00e0 la mycologie, il y a une vingtaine d\u2019ann\u00e9es, \u00e9galement les rencontres de terrain avec le Ma\u00eetre de conf\u00e9rences COURTECUISSE quand j\u2019\u00e9tais \u00e9tudiant \u00e0 l\u2019UCL.<\/p>\n\n\n\n<h1 class=\"wp-block-heading\">G\u00e9n\u00e9ralit\u00e9s sur les Fungi<\/h1>\n\n\n\n<p>Les caract\u00e8res biologiques de ce R\u00e8gne (= Phylum) vivant, constitu\u00e9 par l\u2019ensemble des <strong>Fungi<\/strong> (vern. : Champignon) sera trait\u00e9 dans un post \u00e0 part. Toutefois \u2014 en introduction \u2014 ces derniers repr\u00e9sentent un ensemble vivant particulier par la suite de leur organothrophie et d\u2019autres caract\u00e8res qui leur sont propres et les s\u00e9parent incontestablement du R\u00e8gne des plantes auquel ils \u00e9taient &#8211; \u00e0 tort \u2014 autrefois rattach\u00e9s.<br><\/p>\n\n\n\n<p>Cette distinction faite, nous allons porter notre int\u00e9r\u00eat pour un Fungi parasite des feuilles d\u2019Aceraceae : <em>Rhytisma acerinum<\/em> de m\u00eame que son stade imparfait (voir photographie ci-dessus et le sch\u00e9ma de d\u00e9veloppement des deux taxa).<\/p>\n\n\n\n<h2 class=\"wp-block-heading\">Fungi et for\u00eat : organisme compagnons des arbres<\/h2>\n\n\n\n<p>Mais, tout d&rsquo;abord, quelle est la place des Fungi au sein des milieux forestiers ?<br>Les Fungi sont int\u00e9gr\u00e9s dans le fonctionnement de tout l\u2019\u00e9cosyst\u00e8me forestier.<br>Les mycorhizes d\u2019une pas, litt\u00e9ralement \u00ab champignons des racines \u00bb, sont les grands amis des arbres, partenaires irrempla\u00e7ables pour le pompage de l\u2019eau du sol.<\/p>\n\n\n\n<p>Les Fungi d\u00e9composeurs, par ailleurs, d\u00e9sagr\u00e8gent et recyclent les organismes morts. \u00c0 l\u2019inverse du r\u00f4le de synth\u00e8se des feuilles, ils permettent aux mati\u00e8res organiques de lib\u00e9rer leurs composants min\u00e9raux d\u2019origine dans l\u2019humus (voir Glossaire ci-apr\u00e8s).<\/p>\n\n\n\n<p>Parasites enfin, certains champignons cherchent sans r\u00e9pit \u00e0 p\u00e9n\u00e9trer les tissus et mettent continuellement \u00e0 l\u2019\u00e9preuve la capacit\u00e9 de r\u00e9sistance des arbres et d&rsquo;autres organismes. Ils \u00e9liminent ainsi les v\u00e9g\u00e9taux affaiblis, le plus souvent en d\u00e9truisant leur feuillage ou leurs racines.<br>Parfois cependant apparaissent des souches agressives de Fungi qui attaquent aussi les arbres sains et causent des d\u00e9p\u00e9rissements \u00e0 large \u00e9chelle comme celui d\u2019<em>Ulmus minor<\/em> : autrefois commun, partout en plaine, les populations ont \u00e9t\u00e9 fortement d\u00e9cim\u00e9es par la graphiose (maladie de fl\u00e9trissement (dess\u00e8chement des feuilles et des jeunes rameaux) due \u00e0 Ophiostoma ulmi).<\/p>\n\n\n\n<h1 class=\"wp-block-heading\">1. Ascomyc\u00e8tes<\/h1>\n\n\n\n<ul class=\"wp-block-list\">\n<li>Les <strong>Ascomyc\u00e8tes<\/strong>* (voir Glossaire ci-apr\u00e8s) se diff\u00e9rencient des Basidiomyc\u00e8tes par le mode de formation des spores. Mais, on peut ais\u00e9ment les distinguer \u2014 dans la plupart des cas \u2014 par leurs formes ax\u00e9es autour deux structures de base : Discomyc\u00e8tes et Pyr\u00e9nomyc\u00e8tes (ne nous concernant pas ici).<\/li>\n\n\n\n<li>Les Ascomyc\u00e8tes sont des Fungi dont les spores se forment dans des asques (du grec askos, outre), cellules fertiles en forme de sac ou de tubes, qui s\u2019ouvrent ou se d\u00e9chirent \u00e0 maturit\u00e9. Les carpophores (ascocarpes) sont en forme de disque, de cupule, d\u2019urne ou de massues.<\/li>\n\n\n\n<li>La plupart des <strong>Discomyc\u00e8tes<\/strong> (ascocarpes en forme de disque ou de coupe) sont minuscules, ne mesurant que quelques millim\u00e8tres. Leur consistance est coriace, ils poussent sur des plantes ou des arbres morts.<\/li>\n<\/ul>\n\n\n\n<p>Dans notre cas, nous avons affaire \u00e0 (Position syst\u00e9matique) : Fungi &#8211; Discomyc\u00e8te &#8211; Phacidiales.<br>Ses h\u00f4tes habituels sont les Aceraceae et la localisation sur l&rsquo;h\u00f4te, sont les feuilles.<\/p>\n\n\n\n<h2 class=\"wp-block-heading\">Rhytisma acerinum (vern. : Tache noire de l\u2019\u00e9rable)<\/h2>\n\n\n\n<h3 class=\"wp-block-heading\">Biologie des taxons<\/h3>\n\n\n\n<p>Famille : <strong><em>Rhytismataceae<\/em><\/strong><br>Forme asexu\u00e9e : <em>Melasmia acerina<\/em><br>Champignon tr\u00e8s commun qui se d\u00e9veloppe dans l&rsquo;\u00e9piderme sup\u00e9rieur des feuilles des Aceraceae, l\u2019<em>Acer pseudoplatanus<\/em> (vern. : \u00c9rable sycomore).<br>Au printemps, le tube germinatif des spores du champignon p\u00e9n\u00e8tre dans les cellules de l&rsquo;\u00e9piderme sup\u00e9rieur. Se forme alors un stroma qui prend l&rsquo;apparence d&rsquo;une tache noire. Durant l&rsquo;\u00e9t\u00e9, cette t\u00e2che s&rsquo;\u00e9largit jusqu&rsquo;\u00e0 atteindre 1 \u00e0 2 cm de diam\u00e8tre. La fructification de la forme imparfaite <em>Melasmia acerina<\/em> se d\u00e9veloppe lors cette p\u00e9riode. C&rsquo;est sous cette forme que le champignon passe l&rsquo;hiver. Au printemps suivant, sur les feuilles \u00e0 terre, se d\u00e9veloppe la forme parfaite <em>Rhytisma acerinum<\/em> dont les spores vont infecter de nouvelles feuilles.<\/p>\n\n\n\n<figure class=\"wp-block-image size-large\"><img loading=\"lazy\" decoding=\"async\" width=\"1024\" height=\"768\" src=\"https:\/\/ecosystema.fr\/wp-content\/uploads\/2022\/10\/img_0268-1024x768.jpg\" alt=\"\" class=\"wp-image-2817\" srcset=\"https:\/\/ecosystema.fr\/wp-content\/uploads\/2022\/10\/img_0268-1024x768.jpg 1024w, https:\/\/ecosystema.fr\/wp-content\/uploads\/2022\/10\/img_0268-300x225.jpg 300w, https:\/\/ecosystema.fr\/wp-content\/uploads\/2022\/10\/img_0268-768x576.jpg 768w, https:\/\/ecosystema.fr\/wp-content\/uploads\/2022\/10\/img_0268-1536x1152.jpg 1536w, https:\/\/ecosystema.fr\/wp-content\/uploads\/2022\/10\/img_0268-809x607.jpg 809w, https:\/\/ecosystema.fr\/wp-content\/uploads\/2022\/10\/img_0268.jpg 1920w\" sizes=\"auto, (max-width: 1024px) 100vw, 1024px\" \/><figcaption class=\"wp-element-caption\">Stades de d\u00e9veloppement de <em>R. acerinum<\/em> et sa forme asexu\u00e9e<\/figcaption><\/figure>\n\n\n\n<h3 class=\"wp-block-heading\">Sympt\u00f4mes et \u00e9l\u00e9ments de diagnostic<\/h3>\n\n\n\n<p>Dans le courant de l&rsquo;\u00e9t\u00e9, pr\u00e9sence de grosses taches \u00ab&nbsp;goudronneuses&nbsp;\u00bb noires, sur la face sup\u00e9rieure de la feuille (plusieurs centim\u00e8tres de diam\u00e8tre) entour\u00e9es d&rsquo;une aur\u00e9ole tr\u00e8s claire.<\/p>\n\n\n\n<h3 class=\"wp-block-heading\">D\u00e9g\u00e2ts<\/h3>\n\n\n\n<p><strong>Maladie peu grave, sauf en p\u00e9pini\u00e8res<\/strong>. Lors d&rsquo;attaques importantes, le champignon peut occasionner la chute pr\u00e9matur\u00e9e des feuilles.<\/p>\n\n\n\n<h3 class=\"wp-block-heading\">Bio-indicateur de l\u2019air<\/h3>\n\n\n\n<p>\u26a0\ufe0f Il s&rsquo;agit d&rsquo;un <strong>bio-indicateur fiable de la pollution atmosph\u00e9rique<\/strong> urbaine, industrielle et issue du trafic routier : moins ses taches sont nombreuses, plus la pr\u00e9sence de dioxyde de soufre et de m\u00e9taux lourds est majeure (Bevan, R. J., &amp; Greenhalgh, G. N. &#8211; 1976).<\/p>\n\n\n\n<h3 class=\"wp-block-heading\">D\u00e9termination du taxon et autres informations<\/h3>\n\n\n\n<p><em>Taches noires sur les feuilles d\u2019\u00e9rable<\/em>.<br><span style=\"text-decoration: underline\">Description<\/span> : Apoth\u00e9cie (sporophore en forme de disque ou de coupe) elliptiques, sur un stroma (appareil portant plusieurs ascome) plus ou moins circulaire, noir, jusqu\u2019\u00e0 2 cm de diam\u00e8tre, formant une tache boursoufl\u00e9e au-dessus des feuilles.<br><span style=\"text-decoration: underline\">Saison<\/span> : au printemps (stade conidien (spore de reproduction asexu\u00e9e) plut\u00f4t \u00e0 partir de l\u2019\u00e9t\u00e9).<br><span style=\"text-decoration: underline\">Habitat<\/span> : sur feuille d\u2019<em>Acer pseudoplatanus<\/em> (rarement sur A. campestre) tomb\u00e9es de l\u2019ann\u00e9e pr\u00e9c\u00e9dente.<br><span style=\"text-decoration: underline\">Distribution<\/span> : toute l\u2019Europe. Esp\u00e8ce banale.<br><span style=\"text-decoration: underline\">Remarque<\/span> : on en conna\u00eet surtout le stade imparfait (voir sch\u00e9ma ci-dessous), <em>Melasmia acerina<\/em>, tr\u00e8s visible d\u00e8s la fin de l\u2019\u00e9t\u00e9 sur les feuilles encore en place (consulter le clich\u00e9 ci-joint).<br>\u26a0\ufe0f \u00ab <em>The black spots on the upper surface of the leaf are caused by tar spot fungus &#8211; not a gall.<\/em> \u00bb (CHINERY M., 2011).<\/p>\n\n\n\n<hr class=\"wp-block-separator has-alpha-channel-opacity\"\/>\n\n\n\n<p>Sources bibliographiques personnelles :<\/p>\n\n\n\n<ul class=\"wp-block-list\">\n<li>Britain\u2019s plant Galls &#8211; A photographic guide &#8211; CHINERY M. et al. (2011)<\/li>\n\n\n\n<li>Dictionnaire encyclop\u00e9dique des sciences de la nature et de la biodiversit\u00e9 &#8211; RAMADE F. (2008)<\/li>\n\n\n\n<li>Dictionnaire : Plantes &amp; Champignons &#8211; BOULLARD B. (1997)<\/li>\n\n\n\n<li>Ecologie des Champignons &#8211; DURRIEU G. (1993)<\/li>\n\n\n\n<li>Flore foresti\u00e8re fran\u00e7aise &#8211; guide \u00e9cologique illustr\u00e9 &#8211; Tome 1 : plaines et collines &#8211; RAMEAU J.-C. (coord.) (1989)<\/li>\n\n\n\n<li>Guide des champignons &#8211; France et Europe &#8211; 4e \u00e9dition &#8211; EYSSARTIER G. (2017)<\/li>\n\n\n\n<li>Guide des champignons de France et d&rsquo;Europe &#8211; COURTECUISSE R. (1994) (se reporter \u00e0 la page 36)<\/li>\n\n\n\n<li>Guide de la for\u00eat &#8211; Le milieu, la faune, la flore \/ 500 esp\u00e8ces des for\u00eats d&rsquo;Europe &#8211; DREYER W. et E. (1998)<\/li>\n\n\n\n<li>Guide du curieux en for\u00eat &#8211; 300 questions sur les arbres et les for\u00eats &#8211; DOMONT P. &amp; ZARIC N. (1999)<\/li>\n\n\n\n<li>Photo-guide des Champignons d&rsquo;Europe &#8211; COURTECUISSE R. (2000)<\/li>\n\n\n\n<li><em>Rhytisma acerinum<\/em> as a biological indicator of pollution. Environmental Pollution (1970) &#8211; Bevan, R. J., &amp; Greenhalgh, G. N. (1976)<\/li>\n<\/ul>\n\n\n\n<p>Autres sources :<\/p>\n\n\n\n<ul class=\"wp-block-list\">\n<li>CAMBE A. (YouTube) le 07\/10\/2022 : <a rel=\"noreferrer noopener\" href=\"https:\/\/www.youtube.com\/watch?v=1A7PeP7z7EI\" target=\"_blank\">Podcast<\/a><\/li>\n\n\n\n<li><a href=\"https:\/\/www.guidedeschampignons.com\/guide-des-champignons\/\">https:\/\/www.<\/a><a rel=\"noreferrer noopener\" href=\"https:\/\/www.guidedeschampignons.com\/guide-des-champignons\/\" target=\"_blank\">guide des champignons<\/a><a href=\"https:\/\/www.guidedeschampignons.com\/guide-des-champignons\/\">.com\/guide-des-champignons\/<\/a><\/li>\n\n\n\n<li><a href=\"http:\/\/ephytia.inra.fr\/fr\/C\/20370\/Forets-Maladie-des-croutes-noires-de-l-ehttp:\/\/ephytia.inra.fr\/fr\/C\/20370\/Forets-Maladie-des-croutes-noires-de-l-erable\">http:\/\/ephytia.inra.fr\/fr\/C\/20370\/Forets-Maladie-des-croutes-noires-de-l-ehttp:\/\/ephytia.inra.fr\/fr\/C\/20370\/Forets-Maladie-des-croutes-noires-de-l-erable<\/a><\/li>\n\n\n\n<li><a rel=\"noreferrer noopener\" href=\"https:\/\/fr.m.wikipedia.org\/wiki\/Champignon\" target=\"_blank\">Wikipedia (Fungi)<\/a><\/li>\n\n\n\n<li><a rel=\"noreferrer noopener\" href=\"https:\/\/fr.m.wikipedia.org\/wiki\/Rhytisma_acerinum#:~:text=Il%20s'agit%20d'un,de%20m%C3%A9taux%20lourds%20est%20importante.\" target=\"_blank\">Wikipedia (A. Rhytisma)<\/a><\/li>\n<\/ul>\n\n\n\n<p>Sch\u00e9ma :<\/p>\n\n\n\n<ul class=\"wp-block-list\">\n<li>PIEPENBRING M. &amp; HOU C.-L. CC &#8211; BY-SA<\/li>\n<\/ul>\n\n\n\n<p>Photographies :<\/p>\n\n\n\n<ul class=\"wp-block-list\">\n<li>Gaby AR BRAZ Dirlem \u2013 Nikon D700 &#8211; Ecosystema.fr \u2122 \u00a9\n<ul class=\"wp-block-list\">\n<li>Remarque : le clich\u00e9 a \u00e9t\u00e9 r\u00e9alis\u00e9 le 02 octobre 2022 dans le Finist\u00e8re, dans une for\u00eat de conif\u00e8res et de feuillus \u00e0 Hymenophyllum tunbrigense.<\/li>\n<\/ul>\n<\/li>\n<\/ul>\n\n\n\n<p>Glossaire :<\/p>\n\n\n\n<ul class=\"wp-block-list\">\n<li>Ascomyc\u00e8tes : Fungi dont les spores prennent naissance dans un asque, cellule en forme de sac, contenant le plus souvent 8 spore. C\u2019est un tr\u00e8s grand groupe de Fungi, mais certains sont si petits qu\u2019on ne peut les \u00e9tudier qu\u2019au microscope.<\/li>\n\n\n\n<li>Humus : couche sup\u00e9rieure du sol cr\u00e9\u00e9e, entretenue et modifi\u00e9e par la d\u00e9composition de la mati\u00e8re organique, principalement par l&rsquo;action combin\u00e9e des animaux, des bact\u00e9ries et des Fungi du sol. L\u2019humus est une mati\u00e8re souple et a\u00e9r\u00e9e, qui absorbe et retient bien l&rsquo;eau, de pH variable selon que la mati\u00e8re organique est li\u00e9e ou non \u00e0 des min\u00e9raux. On distingue l\u2019humus doux (= Mull), brut (= Mor) et entre deux (Moder) et leurs structures L, F et H. inh\u00e9rentes aux m\u00e9canismes de d\u00e9gradation, tr\u00e8s li\u00e9 \u00e0 la nature du sol (et roche native). Nous ferons un article sur ce monde passionnant.<\/li>\n<\/ul>\n\n\n\n<p><strong>CC<\/strong> BY-NC-ND<\/p>\n","protected":false},"excerpt":{"rendered":"<p>Remerciements Merci au Professeur BOULLARD de L\u2019universit\u00e9 de Rouen, de m\u2019avoir initi\u00e9 \u00e0 la mycologie, il y a une vingtaine d\u2019ann\u00e9es, \u00e9galement les rencontres de terrain avec le Ma\u00eetre de conf\u00e9rences COURTECUISSE quand j\u2019\u00e9tais \u00e9tudiant \u00e0 l\u2019UCL. G\u00e9n\u00e9ralit\u00e9s sur les Fungi Les caract\u00e8res biologiques de ce R\u00e8gne (= Phylum) vivant, constitu\u00e9 par l\u2019ensemble des Fungi&hellip;<\/p>\n","protected":false},"author":1,"featured_media":2816,"comment_status":"open","ping_status":"open","sticky":false,"template":"","format":"standard","meta":{"footnotes":""},"categories":[5,9,22,26,27,28],"tags":[42,49,121,60,62,120,76,87,96,115,106],"class_list":["post-2818","post","type-post","status-publish","format-standard","has-post-thumbnail","hentry","category-bretagne","category-ecologie","category-fungi","category-massif-armoricain","category-pelouses-lisieres-et-forets-calcicoles","category-photographie","tag-anglais","tag-bretagne","tag-champignons","tag-determination","tag-ecologie","tag-fungi","tag-habitats","tag-naturalisme","tag-pollution","tag-sylviculture","tag-trace"],"jetpack_featured_media_url":"https:\/\/ecosystema.fr\/wp-content\/uploads\/2022\/10\/02102022_glb6954-scaled.jpg","_links":{"self":[{"href":"https:\/\/ecosystema.fr\/index.php\/wp-json\/wp\/v2\/posts\/2818","targetHints":{"allow":["GET"]}}],"collection":[{"href":"https:\/\/ecosystema.fr\/index.php\/wp-json\/wp\/v2\/posts"}],"about":[{"href":"https:\/\/ecosystema.fr\/index.php\/wp-json\/wp\/v2\/types\/post"}],"author":[{"embeddable":true,"href":"https:\/\/ecosystema.fr\/index.php\/wp-json\/wp\/v2\/users\/1"}],"replies":[{"embeddable":true,"href":"https:\/\/ecosystema.fr\/index.php\/wp-json\/wp\/v2\/comments?post=2818"}],"version-history":[{"count":4,"href":"https:\/\/ecosystema.fr\/index.php\/wp-json\/wp\/v2\/posts\/2818\/revisions"}],"predecessor-version":[{"id":3521,"href":"https:\/\/ecosystema.fr\/index.php\/wp-json\/wp\/v2\/posts\/2818\/revisions\/3521"}],"wp:featuredmedia":[{"embeddable":true,"href":"https:\/\/ecosystema.fr\/index.php\/wp-json\/wp\/v2\/media\/2816"}],"wp:attachment":[{"href":"https:\/\/ecosystema.fr\/index.php\/wp-json\/wp\/v2\/media?parent=2818"}],"wp:term":[{"taxonomy":"category","embeddable":true,"href":"https:\/\/ecosystema.fr\/index.php\/wp-json\/wp\/v2\/categories?post=2818"},{"taxonomy":"post_tag","embeddable":true,"href":"https:\/\/ecosystema.fr\/index.php\/wp-json\/wp\/v2\/tags?post=2818"}],"curies":[{"name":"wp","href":"https:\/\/api.w.org\/{rel}","templated":true}]}}