{"id":2727,"date":"2023-02-25T09:04:00","date_gmt":"2023-02-25T08:04:00","guid":{"rendered":"https:\/\/ecosystema.fr\/?p=2727"},"modified":"2023-07-13T07:52:02","modified_gmt":"2023-07-13T05:52:02","slug":"les-lichens-littoraux","status":"publish","type":"post","link":"https:\/\/ecosystema.fr\/index.php\/2023\/02\/25\/les-lichens-littoraux\/","title":{"rendered":"Les lichens littoraux (2008-2023)"},"content":{"rendered":"\n<p class=\"has-text-align-right\">2008-2023 version 2.2<\/p>\n\n\n\n<figure class=\"wp-block-gallery has-nested-images columns-default is-cropped wp-block-gallery-1 is-layout-flex wp-block-gallery-is-layout-flex\">\n<figure class=\"wp-block-image\"><img loading=\"lazy\" decoding=\"async\" width=\"300\" height=\"200\" data-id=\"2730\" src=\"https:\/\/ecosystema.fr\/wp-content\/uploads\/2022\/09\/gabyarbraz_040-1-300x200.jpg\" alt=\"\" class=\"wp-image-2730\" srcset=\"https:\/\/ecosystema.fr\/wp-content\/uploads\/2022\/09\/gabyarbraz_040-1-300x200.jpg 300w, https:\/\/ecosystema.fr\/wp-content\/uploads\/2022\/09\/gabyarbraz_040-1-768x513.jpg 768w, https:\/\/ecosystema.fr\/wp-content\/uploads\/2022\/09\/gabyarbraz_040-1-809x540.jpg 809w, https:\/\/ecosystema.fr\/wp-content\/uploads\/2022\/09\/gabyarbraz_040-1.jpg 1024w\" sizes=\"auto, (max-width: 300px) 100vw, 300px\" \/><figcaption class=\"wp-element-caption\">Littoral breton &#8211; Phare du Creac\u2019h (29)<\/figcaption><\/figure>\n<\/figure>\n\n\n\n<hr class=\"wp-block-separator has-alpha-channel-opacity\"\/>\n\n\n\n<p>La flore est dans l\u2019ensemble endormie, mais il y a toujours nombres choses \u00e0 observer dans la nature. Par exemple les lichens et particuli\u00e8rement ceux du littoral, qui sont heureusement peu nombreux et facilement identifiables.<\/p>\n\n\n\n<p>En voici quelques-un photographi\u00e9s \u00e0 Guimaec (2008) , Kerlouan (2022) dans le Finist\u00e8re nord et \u00e0 Ouessant (2023)<\/p>\n\n\n\n<h1 class=\"wp-block-heading\">G\u00e9n\u00e9ralit\u00e9s sur les lichens :<\/h1>\n\n\n\n<figure class=\"wp-block-image size-large\"><img loading=\"lazy\" decoding=\"async\" width=\"1024\" height=\"768\" src=\"https:\/\/ecosystema.fr\/wp-content\/uploads\/2023\/07\/img_0128-1024x768.jpg\" alt=\"\" class=\"wp-image-3525\" srcset=\"https:\/\/ecosystema.fr\/wp-content\/uploads\/2023\/07\/img_0128-1024x768.jpg 1024w, https:\/\/ecosystema.fr\/wp-content\/uploads\/2023\/07\/img_0128-300x225.jpg 300w, https:\/\/ecosystema.fr\/wp-content\/uploads\/2023\/07\/img_0128-768x576.jpg 768w, https:\/\/ecosystema.fr\/wp-content\/uploads\/2023\/07\/img_0128-1536x1152.jpg 1536w, https:\/\/ecosystema.fr\/wp-content\/uploads\/2023\/07\/img_0128-2048x1536.jpg 2048w, https:\/\/ecosystema.fr\/wp-content\/uploads\/2023\/07\/img_0128-809x607.jpg 809w\" sizes=\"auto, (max-width: 1024px) 100vw, 1024px\" \/><figcaption class=\"wp-element-caption\">Littoral de Ouessant (2023)<\/figcaption><\/figure>\n\n\n\n<h2 class=\"wp-block-heading\">Biologie<\/h2>\n\n\n\n<p>Tout d\u2019abord, les lichens &#8211; organisme primitif &#8211; sont le r\u00e9sultat d&rsquo;une symbiose entre un champignon h\u00e9t\u00e9rotrophe (ascomyc\u00e8te, basidiomyc\u00e8te ou deut\u00e9romyc\u00e8te) et une algue verte ou une cyanobact\u00e9rie, autotrophe (chlorophylliens).<\/p>\n\n\n\n<p>Cette association est&nbsp;durable, reproductible (donne naissance \u00e0 de nouveaux individus, \u00e0 la formation d&rsquo;une nouvelle unit\u00e9 fonctionnelle).<br \/>C&rsquo;est une association \u00e0 b\u00e9n\u00e9fices r\u00e9ciproques pour les partenaires qui entra\u00eene des modifications morphologiques et physiologiques (ces derni\u00e8res li\u00e9es \u00e0 des interactions g\u00e9n\u00e9tiques entre les deux partenaires). Le champignon fournit le support, les sels min\u00e9raux et la r\u00e9serve d&rsquo;humidit\u00e9&nbsp;; l&rsquo;algue fournit les nutriments issus de la synth\u00e8se chlorophyllienne.<\/p>\n\n\n\n<p>R\u00e9sistance aux conditions extr\u00eames&nbsp;:<\/p>\n\n\n\n<p>Les lichens ont la capacit\u00e9 de r\u00e9sister \u00e0 de tr\u00e8s fortes dessiccations. Certains lichens peuvent vivre avec une teneur en eau de 2 % . Ils sont aussi capables de se r\u00e9hydrater.<\/p>\n\n\n\n<p>En g\u00e9n\u00e9ral, les lichens contiennent beaucoup d&rsquo;eau (100 \u00e0 300 % par rapport \u00e0 la mati\u00e8re s\u00e8che du lichen).<\/p>\n\n\n\n<p>La r\u00e9sistance hydrique des lichens provient surtout du mycobionte qui s\u00e9cr\u00e8te des polysaccharides autour de l&rsquo;hyphe cr\u00e9ant ainsi une zone qui pi\u00e8ge l&rsquo;eau sous forme collo\u00efdale. De plus, les lichens stockent des polyols, qui servent de r\u00e9serve d&rsquo;eau. La reprise du m\u00e9tabolisme apr\u00e8s une s\u00e9cheresse est tr\u00e8s rapide. Le lichen retrouve ses capacit\u00e9s m\u00e9taboliques de 5 \u00e0 30 minutes apr\u00e8s une r\u00e9hydratation.<\/p>\n\n\n\n<p>Les lichens peuvent \u00e9galement survivre \u00e0 des variations de temp\u00e9rature importantes pouvant aller de \u221270 \u00e0 +70 \u00b0C.<\/p>\n\n\n\n<p>Plus de 20 000 esp\u00e8ces de lichens ont d\u00e9j\u00e0 \u00e9t\u00e9 d\u00e9crites.<\/p>\n\n\n\n<h2 class=\"wp-block-heading\">Et, encore :<\/h2>\n\n\n\n<p>Comme ils ne d\u00e9pendent que des nutriments pr\u00e9sents dans l\u2019air et les pr\u00e9cipitations pour leur m\u00e9tabolisme, ils peuvent se d\u00e9velopper sur des substrats st\u00e9riles pour qu\u2019ils sont souvent les esp\u00e8ces pionni\u00e8res des successions \u00e9cologiques dans les biotopes terrestres.<\/p>\n\n\n\n<h1 class=\"wp-block-heading\">R\u00e9partition des lichens :<\/h1>\n\n\n\n<p>Beaucoup d&rsquo;esp\u00e8ces sont pionni\u00e8res, capables de coloniser des milieux extr\u00eames. Ils ont des croissances tr\u00e8s lentes de l&rsquo;ordre de quelques millim\u00e8tres par an.<\/p>\n\n\n\n<p>Les lichens vivent tr\u00e8s longtemps. Cette caract\u00e9ristique permet notamment de dater leur support par le rapport taille et vitesse de croissance.<\/p>\n\n\n\n<p>8 % des \u00e9cosyst\u00e8mes terrestres sont domin\u00e9s par les lichens. Par exemple, ils repr\u00e9sentent 65 % de la flore \u00e0 la limite du d\u00e9sert polaire arctique.<\/p>\n\n\n\n<h1 class=\"wp-block-heading\">Description d\u2019un lichen<\/h1>\n\n\n\n<h2 class=\"wp-block-heading\">Le thalle<\/h2>\n\n\n\n<p>Le thalle est l\u2019appareil v\u00e9g\u00e9tatif du lichen : il assure la nutrition, l\u2019entretien de la vie et de la croissance. Comme chez toutes les plantes constituant l\u2019ensemble des Thallophytes (c&rsquo;est-\u00e0-dire ne comportant pas l\u2019organisation de type : racine, tige, feuilles), il ne comporte pas de syst\u00e8me vasculaire (c\u2019est-\u00e0-dire le r\u00e9seau de vaisseaux conducteurs).<br \/>Le thalle du lichen pr\u00e9sente une morphologie sp\u00e9cifique, diff\u00e9rente de celle des algues et des champignons libres.<\/p>\n\n\n\n<p>Les formes de thalles du lichen et les diff\u00e9rents organes dont il est porteur, sont d\u2019une grande diversit\u00e9. En revanche, on observe moins de variations concernant leur structure.<\/p>\n\n\n\n<figure class=\"wp-block-image size-large\"><img loading=\"lazy\" decoding=\"async\" width=\"735\" height=\"1024\" src=\"https:\/\/ecosystema.fr\/wp-content\/uploads\/2023\/07\/img_0403-735x1024.jpg\" alt=\"\" class=\"wp-image-3536\" srcset=\"https:\/\/ecosystema.fr\/wp-content\/uploads\/2023\/07\/img_0403-735x1024.jpg 735w, https:\/\/ecosystema.fr\/wp-content\/uploads\/2023\/07\/img_0403-215x300.jpg 215w, https:\/\/ecosystema.fr\/wp-content\/uploads\/2023\/07\/img_0403-768x1070.jpg 768w, https:\/\/ecosystema.fr\/wp-content\/uploads\/2023\/07\/img_0403-809x1127.jpg 809w, https:\/\/ecosystema.fr\/wp-content\/uploads\/2023\/07\/img_0403.jpg 860w\" sizes=\"auto, (max-width: 735px) 100vw, 735px\" \/><figcaption class=\"wp-element-caption\">Ernst Haeckel (1094)<\/figcaption><\/figure>\n\n\n\n<h2 class=\"wp-block-heading\">Diff\u00e9rents types de thalles<\/h2>\n\n\n\n<p>On distingue g\u00e9n\u00e9ralement six types de thalles. La distinction de ces principaux types permet par l\u2019observation \u00e0 l\u2019\u0153il nu ou \u00e0 la loupe de rentrer dans les premiers crit\u00e8res des clefs de d\u00e9termination, sachant qu\u2019il existe de nombreuses formes interm\u00e9diaires.<\/p>\n\n\n\n<ol class=\"wp-block-list\">\n<li>Lichen crustac\u00e9 ou incrustant : (plus de 80 % des lichens) pr\u00e9sentant un thalle h\u00e9t\u00e9rom\u00e8re fortement plaqu\u00e9 au support, formant une cro\u00fbte (lichen crustac\u00e9 lob\u00e9 au pourtour et lichen crustac\u00e9 non lob\u00e9 au pourtour).<\/li>\n\n\n\n<li>Lichen foliac\u00e9 : pr\u00e9sentant un thalle h\u00e9t\u00e9rom\u00e8re non soud\u00e9 sur toute sa surface, formant des lames souvent lob\u00e9es comme de petites feuilles qui s\u2019\u00e9cartent un peu du support ; pr\u00e9sence d\u2019un crampon ou de rhizines (fausses radicelles) sur leur face inf\u00e9rieure pour adh\u00e9rer au substrat (lichen foliac\u00e9 ombiliqu\u00e9 et lichen non ombiliqu\u00e9).<\/li>\n\n\n\n<li>Lichen fruticuleux : pr\u00e9sentant un thalle adh\u00e9rent au substrat par une surface r\u00e9duite et formant des prolongements redress\u00e9s pendant ou \u00e9tal\u00e9s. Ces prolongements plus ou moins longs pr\u00e9sentent deux formes : tiges rondes approximativement ramifi\u00e9es, lani\u00e8res plates parcourues de cannelures.<\/li>\n\n\n\n<li>Lichen sqamuleux : portant des squamules (petits compartiments) \u00e0 la surface sup\u00e9rieure.<\/li>\n\n\n\n<li>Lichen complexe : pr\u00e9sentant un thalle primaire \u00e0 peu pr\u00e8s \u00e9tal\u00e9 sur le substrat ; thalle secondaire fruticuleux, form\u00e9 d\u2019\u00e9l\u00e9ments se d\u00e9veloppant perpendiculairement au substrat.<\/li>\n\n\n\n<li>Lichen g\u00e9latineux : pr\u00e9sentant un thalle \u00e0 cyanobact\u00e9rie devenant g\u00e9latineux sous l\u2019action de l\u2019eau.<\/li>\n<\/ol>\n\n\n\n<h1 class=\"wp-block-heading\">\u00c9cologie des lichens<\/h1>\n\n\n\n<h2 class=\"wp-block-heading\">R\u00e9partition g\u00e9ographique<\/h2>\n\n\n\n<p>Les lichens sont r\u00e9pandus \u00e0 travers toutes les r\u00e9gions du monde : des zones les plus extr\u00eames, vers les p\u00f4les, jusqu\u2019aux sommets, \u00e0 la limite des neiges \u00e9ternelles, dans les d\u00e9serts rocheux.<br \/>On peut les consid\u00e9rer \u00e0 plus d\u2019un \u00e9gard comme des v\u00e9g\u00e9taux pionniers, capables de coloniser la roche la plus dure, le sol le plus d\u00e9sert, de supporter d&rsquo;imposantes variations de temp\u00e9rature : tr\u00e8s froides (jusqu\u2019\u00e0 -40 \u00b0C) ou tr\u00e8s chaudes, des taux d\u2019humidit\u00e9 ou de s\u00e9cheresse extr\u00eamement \u00e9lev\u00e9s.<br \/>Apr\u00e8s leur mort, ils cr\u00e9ent une couche de terreau qui permettra alors l\u2019installation de bryophytes s.l. ou des phan\u00e9rogames.<\/p>\n\n\n\n<p>On estime qu\u2019il existe plusieurs d\u2019esp\u00e8ces de lichens sur notre plan\u00e8te. Si nous trouvons des lichens dans des sites extr\u00eamement vari\u00e9s, ce n\u2019est pas que les lichens soient indiff\u00e9rents aux lieux dans lesquels ils s\u2019implantent ni aux conditions \u00e9cologiques, mais bien au contraire.<br \/>En effet, chaque esp\u00e8ce de lichen a besoin, pour se d\u00e9velopper, de conditions \u00e9cologiques tr\u00e8s strictes, ce qui rend int\u00e9ressant l\u2019\u00e9tude de la relation du lichen et du milieu.<\/p>\n\n\n\n<h2 class=\"wp-block-heading\">Nature du substrat<\/h2>\n\n\n\n<p>Tout d\u2019abord, si certains lichens peuvent se trouver sur des substrats vari\u00e9s, la plupart se rep\u00e8rent sur la roche (on les appelle alors saxicoles).<br \/>Mais, on rep\u00e8re \u00e9galement les lichens sur le bois sans l\u2019\u00e9corce, le sol, les mousses, les d\u00e9bris v\u00e9g\u00e9taux\u2026 ou m\u00eame sur d\u2019autres lichens.<br \/>Certains lichens qui poussent sur la roche sont sp\u00e9cifiques des roches calcaires (= calcicole) ou au contraire des roches siliceuses, ne supportant pas le calcaire (= calcifuges).<br \/>Certains lichens sont sensibles au pH du support, les uns pr\u00e9f\u00e9rant les substrats acides (= acidophiles), les autres les substrats basiques (= basophiles).<br \/>D\u2019autres encore recherchent les lieux fr\u00e9quent\u00e9s par l\u2019homme et les animaux : lieux riches en mati\u00e8re azot\u00e9es, comme le sont, par exemple, les sites rocheux fr\u00e9quent\u00e9s par les oiseaux (= nitrophiles).<br \/>Certains lichens signalent par leur pr\u00e9sence ou par la coloration de leur thalle de la pr\u00e9sence de fer ou d\u2019autres m\u00e9taux dans la roche sur laquelle ils sont implant\u00e9s. Enfin, quelques lichens sont capables de coloniser les mati\u00e8res plastiques vieillies, et choisissent des substrats aussi insolites qu\u2019une calandre de voiture, des tessons de bouteille ou une bo\u00eete aux lettres. Ceci semble bien prouver tr\u00e8s simplement que les lichens ne tirent pas leurs substances nutritives du support qu\u2019ils colonisent.<\/p>\n\n\n\n<h2 class=\"wp-block-heading\">Facteurs climatiques et biologiques<\/h2>\n\n\n\n<p>Les lichens b\u00e9n\u00e9ficient du ph\u00e9nom\u00e8ne de reviviscence, c\u2019est-\u00e0-dire qu\u2019ils sont capables de passer de l\u2019\u00e9tat de vie active \u00e0 une vie ralentie quand ils ne sont plus hydrat\u00e9s. Et, ceci pendant une p\u00e9riode plus ou moins longue, ensuite, de reprendre l\u2019\u00e9tat de vie active quand les conditions redeviennent favorables. Si la plupart des lichens peuvent vivre dans des milieux peu humides ou m\u00eame relativement secs, certaines esp\u00e8ces sont plus exigeantes en humidit\u00e9 atmosph\u00e9rique : certains ont besoin d\u2019un substrat r\u00e9guli\u00e8rement mouill\u00e9 par les \u00e9coulements d\u2019eau de pluie ou par les embruns et quelques-uns exigent d\u2019\u00eatre p\u00e9riodiquement submerg\u00e9s.<br \/>Certains lichens ne survivent que dans des sites ombrag\u00e9s, en for\u00eat par exemple, d\u2019autres se trouvent sur les arbres isol\u00e9s, pr\u00e9f\u00e9rant telle ou telle face du tronc, plus ou moins expos\u00e9e ou abrit\u00e9e ; \u00e0 moins que ce ne soit la face sup\u00e9rieure des branches horizontales\u2026<br \/>Si l&rsquo;humidit\u00e9, de mani\u00e8re g\u00e9n\u00e9rale, favorise la croissance du thalle des lichens, et accro\u00eet leur fertilit\u00e9, la plupart des lichens pr\u00e9f\u00e8rent les sites ouverts, \u00e9clair\u00e9s et se trouvent dans les sites ombrag\u00e9s. Non, parce qu&rsquo;ils ne supportent pas la lumi\u00e8re, mais \u00e0 cause du taux \u00e9lev\u00e9 d\u2019humidit\u00e9 de ces sites.<br \/>Certains lichens colonisent les bords de mer, les r\u00e9gions littorales, d\u2019autres pr\u00e9f\u00e8rent l\u2019\u00e9tage collin\u00e9en (Jusqu\u2019\u00e0 800 m) et suivants (jusqu\u2019\u00e0 l\u2019\u00e9tage nival). Bien entendu, cette notion d\u2019\u00e9tage doit \u00eatre relativis\u00e9e en fonction de la latitude et des climats.<br \/>Altitude, temp\u00e9rature, humidit\u00e9, absence de pollution\u2026 Il existe de nombreux param\u00e8tres qui conditionnent la croissance d\u2019un lichen.<br \/>Si quelques lichens peuvent se retrouver dans des r\u00e9gions tr\u00e8s diff\u00e9rentes et s\u2019adapter \u00e0 des conditions extr\u00eamement variables (on dit alors cosmopolite) la plupart sont \u00ab&nbsp;sp\u00e9cialistes&nbsp;\u00bb de leur milieu et se retrouvent souvent associ\u00e9s avec les esp\u00e8ces de lichens.<\/p>\n\n\n\n<h2 class=\"wp-block-heading\">Syn\u00e9cologie<\/h2>\n\n\n\n<p>Les lich\u00e9nologues distinguent des groupements de lichens, sp\u00e9cifiques d\u2019un milieu pr\u00e9cis, avec des \u00ab&nbsp;marqueurs&nbsp;\u00bb, esp\u00e8ces caract\u00e9ristiques que l\u2019on observe dans des sites diff\u00e9rents, mais d\u2019\u00e9cologie substratique semblable. Ceci constitue l\u2019une des branches de cette science pointue et int\u00e9ressante qu\u2019est la phytosociologie.<\/p>\n\n\n\n<h2 class=\"wp-block-heading\">Croissance<\/h2>\n\n\n\n<p>La croissance des lichens est extr\u00eamement lente, m\u00eame si elle varie selon les esp\u00e8ces et selon les conditions climatiques : tout au plus quelques millim\u00e8tres par an pour les jeunes lichens, les premi\u00e8res ann\u00e9es et ensuite, \u00e0 maturit\u00e9, la croissance se ralentit\u2026 conf\u00e9rant aux lichens une long\u00e9vit\u00e9 remarquable, puisqu\u2019ils peuvent \u00eatre plus que centenaires.<\/p>\n\n\n\n<h2 class=\"wp-block-heading\">Le cas des falaises littorales :<\/h2>\n\n\n\n<figure class=\"wp-block-image size-large\"><img loading=\"lazy\" decoding=\"async\" width=\"1024\" height=\"718\" src=\"https:\/\/ecosystema.fr\/wp-content\/uploads\/2022\/09\/ecosystema_gabydirlem_075-1024x718.jpg\" alt=\"\" class=\"wp-image-2725\" srcset=\"https:\/\/ecosystema.fr\/wp-content\/uploads\/2022\/09\/ecosystema_gabydirlem_075-1024x718.jpg 1024w, https:\/\/ecosystema.fr\/wp-content\/uploads\/2022\/09\/ecosystema_gabydirlem_075-300x210.jpg 300w, https:\/\/ecosystema.fr\/wp-content\/uploads\/2022\/09\/ecosystema_gabydirlem_075-768x539.jpg 768w, https:\/\/ecosystema.fr\/wp-content\/uploads\/2022\/09\/ecosystema_gabydirlem_075-809x568.jpg 809w, https:\/\/ecosystema.fr\/wp-content\/uploads\/2022\/09\/ecosystema_gabydirlem_075.jpg 1193w\" sizes=\"auto, (max-width: 1024px) 100vw, 1024px\" \/><figcaption class=\"wp-element-caption\">Guimaec (2008)<\/figcaption><\/figure>\n\n\n\n<p>Au pied des falaises, les zones battues par les vagues sont colonis\u00e9es par diff\u00e9rents lichens. Tout d\u2019abord, se d\u00e9veloppe le lichen noir (Verrucaria maura) puis un peu plus haut des lichens orang\u00e9s ternes (Caloplaca marina). Ensuite, des plantes \u00e0 fleurs apparaissent accompagn\u00e9es de lichens orang\u00e9s (Xanthoria parietina).<\/p>\n\n\n\n<h2 class=\"wp-block-heading\"><em>Ramalina<\/em> <em>siliquosa<\/em><\/h2>\n\n\n\n<figure class=\"wp-block-image size-large\"><img loading=\"lazy\" decoding=\"async\" width=\"1024\" height=\"681\" src=\"https:\/\/ecosystema.fr\/wp-content\/uploads\/2022\/09\/ecosystema_gabydirlem_074-1024x681.jpg\" alt=\"\" class=\"wp-image-2726\" srcset=\"https:\/\/ecosystema.fr\/wp-content\/uploads\/2022\/09\/ecosystema_gabydirlem_074-1024x681.jpg 1024w, https:\/\/ecosystema.fr\/wp-content\/uploads\/2022\/09\/ecosystema_gabydirlem_074-300x199.jpg 300w, https:\/\/ecosystema.fr\/wp-content\/uploads\/2022\/09\/ecosystema_gabydirlem_074-768x511.jpg 768w, https:\/\/ecosystema.fr\/wp-content\/uploads\/2022\/09\/ecosystema_gabydirlem_074-809x538.jpg 809w, https:\/\/ecosystema.fr\/wp-content\/uploads\/2022\/09\/ecosystema_gabydirlem_074.jpg 1226w\" sizes=\"auto, (max-width: 1024px) 100vw, 1024px\" \/><figcaption class=\"wp-element-caption\">Guimaec (2008)<\/figcaption><\/figure>\n\n\n\n<figure class=\"wp-block-image size-large\"><img loading=\"lazy\" decoding=\"async\" width=\"768\" height=\"1024\" src=\"https:\/\/ecosystema.fr\/wp-content\/uploads\/2023\/07\/img_0085-768x1024.jpg\" alt=\"\" class=\"wp-image-3529\" srcset=\"https:\/\/ecosystema.fr\/wp-content\/uploads\/2023\/07\/img_0085-768x1024.jpg 768w, https:\/\/ecosystema.fr\/wp-content\/uploads\/2023\/07\/img_0085-225x300.jpg 225w, https:\/\/ecosystema.fr\/wp-content\/uploads\/2023\/07\/img_0085-1152x1536.jpg 1152w, https:\/\/ecosystema.fr\/wp-content\/uploads\/2023\/07\/img_0085-1536x2048.jpg 1536w, https:\/\/ecosystema.fr\/wp-content\/uploads\/2023\/07\/img_0085-809x1079.jpg 809w, https:\/\/ecosystema.fr\/wp-content\/uploads\/2023\/07\/img_0085-scaled.jpg 1920w\" sizes=\"auto, (max-width: 768px) 100vw, 768px\" \/><figcaption class=\"wp-element-caption\">Ouessant (2023)<\/figcaption><\/figure>\n\n\n\n<p>Les <em>Ramalina<\/em> div. sp. ont un thalle fruticuleux, le plus souvent en lani\u00e8res, des touffes dress\u00e9es ou pendantes, partant d\u2019un point unique de fixation. Lani\u00e8res de structure et de couleur identiques sur les deux faces, plus ou moins ramifi\u00e9es.<br \/>Algues : Trebouxia.<br \/>Fructifications : apoth\u00e9cies l\u00e9canorine, bri\u00e8vement p\u00e9doncul\u00e9es, disque vert p\u00e2le, brun\u00e2tre ou rose jaun\u00e2tre, parfois pruineux. Bord thallin persistant ou non.<br \/><\/p>\n\n\n\n<p>D\u00e9termination du taxon :<br \/>Thalle sans soralies ni insidies. Apoth\u00e9cies fr\u00e9quentes<br \/> Lani\u00e8re pas tr\u00e8s rid\u00e9es<br \/>  Appth\u00e9cies non \u00e0 l\u2019extr\u00e9mit\u00e9 des rameaux<br \/>   Sur roche. Lani\u00e8res \u00e0 section rondes, plus ou moins comprim\u00e9es.<br \/>&gt; <em>R. Siliquosa<\/em><\/p>\n\n\n\n<p>Discrimination <em>R. cuspidata<\/em> \/ <em>R. silicoqua<\/em> :<\/p>\n\n\n\n<ul class=\"wp-block-list\">\n<li>Base du thalle : noire \/ rarement noir<\/li>\n\n\n\n<li>Largeur des rameaux : 1-3 mm \/ 2 &#8211; 9 mm<\/li>\n\n\n\n<li>Surface : plus ou moins lisse et \u00e9gale \/ fov\u00e9ol\u00e9e (parfois +- l\u2019ac\u00e9r\u00e9e), tr\u00e8s souvent tuberculeuse (aspect de tantacules de pieuvre)<\/li>\n\n\n\n<li>Section : plus ou moins circulaire et finie en pointe noire (acumin\u00e9e) bien marqu\u00e9e (pycnide) \/ +- aplatie<\/li>\n\n\n\n<li>Ostiole des pycnides : noir \/ p\u00e2le<\/li>\n<\/ul>\n\n\n\n<p>R\u00e9partition :<\/p>\n\n\n\n<p><em>R. cuspidata <\/em>est plus expos\u00e9 aux embruns que <em>R.silicoqua<\/em> sur les c\u00f4tes rocheuses du littoral atlantique. <\/p>\n\n\n\n<h2 class=\"wp-block-heading\"><em>Xantoria parietina<\/em><\/h2>\n\n\n\n<figure class=\"wp-block-image size-large\"><img loading=\"lazy\" decoding=\"async\" width=\"1024\" height=\"683\" src=\"https:\/\/ecosystema.fr\/wp-content\/uploads\/2022\/09\/ecosystema_gabydirlem_076-1024x683.jpg\" alt=\"\" class=\"wp-image-2717\" srcset=\"https:\/\/ecosystema.fr\/wp-content\/uploads\/2022\/09\/ecosystema_gabydirlem_076-1024x683.jpg 1024w, https:\/\/ecosystema.fr\/wp-content\/uploads\/2022\/09\/ecosystema_gabydirlem_076-300x200.jpg 300w, https:\/\/ecosystema.fr\/wp-content\/uploads\/2022\/09\/ecosystema_gabydirlem_076-768x512.jpg 768w, https:\/\/ecosystema.fr\/wp-content\/uploads\/2022\/09\/ecosystema_gabydirlem_076-809x539.jpg 809w, https:\/\/ecosystema.fr\/wp-content\/uploads\/2022\/09\/ecosystema_gabydirlem_076.jpg 1224w\" sizes=\"auto, (max-width: 1024px) 100vw, 1024px\" \/><figcaption class=\"wp-element-caption\">Guimaec (2008)<\/figcaption><\/figure>\n\n\n\n<figure class=\"wp-block-image size-large\"><img loading=\"lazy\" decoding=\"async\" width=\"768\" height=\"1024\" src=\"https:\/\/ecosystema.fr\/wp-content\/uploads\/2023\/07\/img_0141-768x1024.jpg\" alt=\"\" class=\"wp-image-3531\" srcset=\"https:\/\/ecosystema.fr\/wp-content\/uploads\/2023\/07\/img_0141-768x1024.jpg 768w, https:\/\/ecosystema.fr\/wp-content\/uploads\/2023\/07\/img_0141-225x300.jpg 225w, https:\/\/ecosystema.fr\/wp-content\/uploads\/2023\/07\/img_0141-1152x1536.jpg 1152w, https:\/\/ecosystema.fr\/wp-content\/uploads\/2023\/07\/img_0141-1536x2048.jpg 1536w, https:\/\/ecosystema.fr\/wp-content\/uploads\/2023\/07\/img_0141-809x1079.jpg 809w, https:\/\/ecosystema.fr\/wp-content\/uploads\/2023\/07\/img_0141-scaled.jpg 1920w\" sizes=\"auto, (max-width: 768px) 100vw, 768px\" \/><figcaption class=\"wp-element-caption\">Ouessant (2023)<\/figcaption><\/figure>\n\n\n\n<figure class=\"wp-block-image size-large\"><img loading=\"lazy\" decoding=\"async\" width=\"768\" height=\"1024\" src=\"https:\/\/ecosystema.fr\/wp-content\/uploads\/2023\/07\/img_0091-768x1024.jpg\" alt=\"\" class=\"wp-image-3528\" srcset=\"https:\/\/ecosystema.fr\/wp-content\/uploads\/2023\/07\/img_0091-768x1024.jpg 768w, https:\/\/ecosystema.fr\/wp-content\/uploads\/2023\/07\/img_0091-225x300.jpg 225w, https:\/\/ecosystema.fr\/wp-content\/uploads\/2023\/07\/img_0091-1152x1536.jpg 1152w, https:\/\/ecosystema.fr\/wp-content\/uploads\/2023\/07\/img_0091-1536x2048.jpg 1536w, https:\/\/ecosystema.fr\/wp-content\/uploads\/2023\/07\/img_0091-809x1079.jpg 809w, https:\/\/ecosystema.fr\/wp-content\/uploads\/2023\/07\/img_0091-scaled.jpg 1920w\" sizes=\"auto, (max-width: 768px) 100vw, 768px\" \/><figcaption class=\"wp-element-caption\">Ouessant (2023)<\/figcaption><\/figure>\n\n\n\n<p>Largement r\u00e9pandu et abondant dans toute l\u2019Europe (sauf dans les hautes montagnes) sur \u00e9corces, bois et rochers. Peut \u00eatre confondu avec d\u2019autres esp\u00e8ces du genre <em>Xanthoria<\/em>, et <em>Fulgensia<\/em> et avec <em>Caloplaca<\/em>.<\/p>\n\n\n\n<p>Les <em>Xanthoria<\/em> div. sp. ont un thalle foliac\u00e9, jaune \u00e0 orange, g\u00e9n\u00e9ralement assez bien appliqu\u00e9 au substrat, lobes occasionnellement ascendants. Dessous p\u00e2le, lisse, avec le plus souvent des rhizines p\u00e2les, simples, peu nombreuses.<br \/>Algues : Trebouxia.<br \/>Tests aux r\u00e9actifs : thalle K+ pourpre.<br \/>Fructifications : apoth\u00e9cies l\u00e9canorines, rondes ou d\u00e9form\u00e9es. Disque orang\u00e9, lisse. Bord thallin fr\u00e9quemment bien d\u00e9velopp\u00e9.<br \/>D\u00e9termination du taxon :<br \/>Thalle assez \u00e9tendu et bien visible<br \/>Lobes couch\u00e9s sur le substrat<br \/>Lobes non sor\u00e9di\u00e9s<br \/>Thalle jaune. Lobes du pourtour plats et larges (1-5 mm)<br \/>Nota : Peut-\u00eatre confondu avec d\u2019autres esp\u00e8ces du genre Xanthoria, et avec Caloplaca div. sp.<br \/>&gt; <em>X. Parietina<\/em><\/p>\n\n\n\n<h2 class=\"wp-block-heading\"><em>Caloplaca thallincola<\/em><\/h2>\n\n\n\n<p><em>Caloplaca<\/em> div. <em>sp<\/em>.<br \/>Thalle : crustac\u00e9, occasionnellement lob\u00e9 au pourtour, jaune orang\u00e9 ou gris. M\u00e9dulle blanche.<br \/>Algues : Chlorococcac\u00e9es, surtout <em>Trebouxia<\/em>.<br \/>Tests aux r\u00e9actifs : K+ pourpre, sur les thalles orang\u00e9s.<br \/>\u00c9cologie : essentiellement sur roche.<\/p>\n\n\n\n<figure class=\"wp-block-gallery has-nested-images columns-default is-cropped wp-block-gallery-2 is-layout-flex wp-block-gallery-is-layout-flex\">\n<figure class=\"wp-block-image\"><img loading=\"lazy\" decoding=\"async\" width=\"1024\" height=\"681\" data-id=\"2719\" src=\"https:\/\/ecosystema.fr\/wp-content\/uploads\/2022\/09\/12072022_glb6825-1024x681.jpg\" alt=\"\" class=\"wp-image-2719\" srcset=\"https:\/\/ecosystema.fr\/wp-content\/uploads\/2022\/09\/12072022_glb6825-1024x681.jpg 1024w, https:\/\/ecosystema.fr\/wp-content\/uploads\/2022\/09\/12072022_glb6825-300x200.jpg 300w, https:\/\/ecosystema.fr\/wp-content\/uploads\/2022\/09\/12072022_glb6825-768x511.jpg 768w, https:\/\/ecosystema.fr\/wp-content\/uploads\/2022\/09\/12072022_glb6825-1536x1022.jpg 1536w, https:\/\/ecosystema.fr\/wp-content\/uploads\/2022\/09\/12072022_glb6825-2048x1363.jpg 2048w, https:\/\/ecosystema.fr\/wp-content\/uploads\/2022\/09\/12072022_glb6825-809x538.jpg 809w\" sizes=\"auto, (max-width: 1024px) 100vw, 1024px\" \/><figcaption class=\"wp-element-caption\">Kerlouan (2022)<\/figcaption><\/figure>\n\n\n\n<figure class=\"wp-block-image\"><img loading=\"lazy\" decoding=\"async\" width=\"1024\" height=\"693\" data-id=\"2718\" src=\"https:\/\/ecosystema.fr\/wp-content\/uploads\/2022\/09\/ecosystema_gabydirlem_078-1024x693.jpg\" alt=\"\" class=\"wp-image-2718\" srcset=\"https:\/\/ecosystema.fr\/wp-content\/uploads\/2022\/09\/ecosystema_gabydirlem_078-1024x693.jpg 1024w, https:\/\/ecosystema.fr\/wp-content\/uploads\/2022\/09\/ecosystema_gabydirlem_078-300x203.jpg 300w, https:\/\/ecosystema.fr\/wp-content\/uploads\/2022\/09\/ecosystema_gabydirlem_078-768x520.jpg 768w, https:\/\/ecosystema.fr\/wp-content\/uploads\/2022\/09\/ecosystema_gabydirlem_078-809x547.jpg 809w, https:\/\/ecosystema.fr\/wp-content\/uploads\/2022\/09\/ecosystema_gabydirlem_078.jpg 1215w\" sizes=\"auto, (max-width: 1024px) 100vw, 1024px\" \/><figcaption class=\"wp-element-caption\">Guimaec (2008)<\/figcaption><\/figure>\n<\/figure>\n\n\n\n<p>Thalle : en rosette orange vif, parfois mal d\u00e9limit\u00e9 t irr\u00e9gulier, mais toujours nettement lob\u00e9 au pourtour. Lob\u00e9 en longs doigts contigus, convexes, souvent divis\u00e9s et sinueux, comme \u00ab palm\u00e9s \u00bb de 0,3 \u00e0 2 mm de large aux extr\u00e9mit\u00e9s. Ar\u00e9ol\u00e9 au centre.<br \/>Tests aux r\u00e9actifs : thalle et apoth\u00e9cies K+ pourpre.<br \/>\u00c9cologie : sur roche non calcaire. G\u00e9n\u00e9ralement parasite de Verrucaria maura. Du nord de l\u2019Europe aux r\u00e9gions m\u00e9diterran\u00e9ennes.<\/p>\n\n\n\n<h2 class=\"wp-block-heading\"><em>Verrucaria maura<\/em><\/h2>\n\n\n\n<figure class=\"wp-block-gallery has-nested-images columns-default is-cropped wp-block-gallery-3 is-layout-flex wp-block-gallery-is-layout-flex\">\n<figure class=\"wp-block-image\"><img loading=\"lazy\" decoding=\"async\" width=\"1024\" height=\"681\" data-id=\"2721\" src=\"https:\/\/ecosystema.fr\/wp-content\/uploads\/2022\/09\/12072022_glb6824-1024x681.jpg\" alt=\"\" class=\"wp-image-2721\" srcset=\"https:\/\/ecosystema.fr\/wp-content\/uploads\/2022\/09\/12072022_glb6824-1024x681.jpg 1024w, https:\/\/ecosystema.fr\/wp-content\/uploads\/2022\/09\/12072022_glb6824-300x200.jpg 300w, https:\/\/ecosystema.fr\/wp-content\/uploads\/2022\/09\/12072022_glb6824-768x511.jpg 768w, https:\/\/ecosystema.fr\/wp-content\/uploads\/2022\/09\/12072022_glb6824-1536x1022.jpg 1536w, https:\/\/ecosystema.fr\/wp-content\/uploads\/2022\/09\/12072022_glb6824-2048x1362.jpg 2048w, https:\/\/ecosystema.fr\/wp-content\/uploads\/2022\/09\/12072022_glb6824-809x538.jpg 809w\" sizes=\"auto, (max-width: 1024px) 100vw, 1024px\" \/><figcaption class=\"wp-element-caption\">Kerlouan (2022)<\/figcaption><\/figure>\n\n\n\n<figure class=\"wp-block-image\"><img loading=\"lazy\" decoding=\"async\" width=\"1024\" height=\"689\" data-id=\"2720\" src=\"https:\/\/ecosystema.fr\/wp-content\/uploads\/2022\/09\/ecosystema_gabydirlem_077-1024x689.jpg\" alt=\"\" class=\"wp-image-2720\" srcset=\"https:\/\/ecosystema.fr\/wp-content\/uploads\/2022\/09\/ecosystema_gabydirlem_077-1024x689.jpg 1024w, https:\/\/ecosystema.fr\/wp-content\/uploads\/2022\/09\/ecosystema_gabydirlem_077-300x202.jpg 300w, https:\/\/ecosystema.fr\/wp-content\/uploads\/2022\/09\/ecosystema_gabydirlem_077-768x517.jpg 768w, https:\/\/ecosystema.fr\/wp-content\/uploads\/2022\/09\/ecosystema_gabydirlem_077-809x545.jpg 809w, https:\/\/ecosystema.fr\/wp-content\/uploads\/2022\/09\/ecosystema_gabydirlem_077.jpg 1218w\" sizes=\"auto, (max-width: 1024px) 100vw, 1024px\" \/><figcaption class=\"wp-element-caption\">Guimaec (2008)<\/figcaption><\/figure>\n<\/figure>\n\n\n\n<p>Les <em>Verrucaria<\/em> div. sp. ont un thalle crustac\u00e9, immerg\u00e9 \u00e0 superficiel.<br \/>Algues : diverses Chlorophyc\u00e9es.<br \/>Thalle : superficiel, jusqu\u2019\u00e0 1 mm d\u2019\u00e9paisseur, noir, plut\u00f4t mat, avec des reflets bruns, continu, fendill\u00e9, fendu ar\u00e9ol\u00e9 ou encore ar\u00e9ol\u00e9. Dans ce cas, ar\u00e9oles plates \u00e0 angles aigus.<br \/>Tests aux r\u00e9actifs : aucune r\u00e9action significative.<br \/>Auto-\u00e9cologie : sur roche calcaire ou non, en bord de mer, rochers ou falaises vent\u00e9es, sous les embruns.<\/p>\n\n\n\n<figure class=\"wp-block-image size-large\"><img loading=\"lazy\" decoding=\"async\" width=\"1024\" height=\"768\" src=\"https:\/\/ecosystema.fr\/wp-content\/uploads\/2023\/07\/img_0156-1024x768.jpg\" alt=\"\" class=\"wp-image-3526\" srcset=\"https:\/\/ecosystema.fr\/wp-content\/uploads\/2023\/07\/img_0156-1024x768.jpg 1024w, https:\/\/ecosystema.fr\/wp-content\/uploads\/2023\/07\/img_0156-300x225.jpg 300w, https:\/\/ecosystema.fr\/wp-content\/uploads\/2023\/07\/img_0156-768x576.jpg 768w, https:\/\/ecosystema.fr\/wp-content\/uploads\/2023\/07\/img_0156-1536x1152.jpg 1536w, https:\/\/ecosystema.fr\/wp-content\/uploads\/2023\/07\/img_0156-2048x1536.jpg 2048w, https:\/\/ecosystema.fr\/wp-content\/uploads\/2023\/07\/img_0156-809x607.jpg 809w\" sizes=\"auto, (max-width: 1024px) 100vw, 1024px\" \/><figcaption class=\"wp-element-caption\">Cohabitation des 3 lichens mis en avant et <em>Caloplaca marina<\/em> (partie sup\u00e9rieure du clich\u00e9 &#8211; non trait\u00e9 dans ce post) (Ouessant 2023)<\/figcaption><\/figure>\n\n\n\n<h2 class=\"wp-block-heading\"><em>Lichina pygmaea<\/em><\/h2>\n\n\n\n<figure class=\"wp-block-gallery has-nested-images columns-default is-cropped wp-block-gallery-4 is-layout-flex wp-block-gallery-is-layout-flex\">\n<figure class=\"wp-block-image\"><img loading=\"lazy\" decoding=\"async\" width=\"1024\" height=\"681\" data-id=\"2722\" src=\"https:\/\/ecosystema.fr\/wp-content\/uploads\/2022\/09\/12072022_glb6816-1024x681.jpg\" alt=\"\" class=\"wp-image-2722\" srcset=\"https:\/\/ecosystema.fr\/wp-content\/uploads\/2022\/09\/12072022_glb6816-1024x681.jpg 1024w, https:\/\/ecosystema.fr\/wp-content\/uploads\/2022\/09\/12072022_glb6816-300x200.jpg 300w, https:\/\/ecosystema.fr\/wp-content\/uploads\/2022\/09\/12072022_glb6816-768x511.jpg 768w, https:\/\/ecosystema.fr\/wp-content\/uploads\/2022\/09\/12072022_glb6816-1536x1022.jpg 1536w, https:\/\/ecosystema.fr\/wp-content\/uploads\/2022\/09\/12072022_glb6816-2048x1363.jpg 2048w, https:\/\/ecosystema.fr\/wp-content\/uploads\/2022\/09\/12072022_glb6816-809x538.jpg 809w\" sizes=\"auto, (max-width: 1024px) 100vw, 1024px\" \/><figcaption class=\"wp-element-caption\">Kerlouan (2022)<\/figcaption><\/figure>\n\n\n\n<figure class=\"wp-block-image\"><img loading=\"lazy\" decoding=\"async\" width=\"1024\" height=\"681\" data-id=\"2723\" src=\"https:\/\/ecosystema.fr\/wp-content\/uploads\/2022\/09\/ecosystema_gabydirlem_079-1024x681.jpg\" alt=\"\" class=\"wp-image-2723\" srcset=\"https:\/\/ecosystema.fr\/wp-content\/uploads\/2022\/09\/ecosystema_gabydirlem_079-1024x681.jpg 1024w, https:\/\/ecosystema.fr\/wp-content\/uploads\/2022\/09\/ecosystema_gabydirlem_079-300x199.jpg 300w, https:\/\/ecosystema.fr\/wp-content\/uploads\/2022\/09\/ecosystema_gabydirlem_079-768x511.jpg 768w, https:\/\/ecosystema.fr\/wp-content\/uploads\/2022\/09\/ecosystema_gabydirlem_079-809x538.jpg 809w, https:\/\/ecosystema.fr\/wp-content\/uploads\/2022\/09\/ecosystema_gabydirlem_079.jpg 1226w\" sizes=\"auto, (max-width: 1024px) 100vw, 1024px\" \/><figcaption class=\"wp-element-caption\">Guimaec (2008)<\/figcaption><\/figure>\n<\/figure>\n\n\n\n<p>Thalle fruticuleux, buissonnant, form\u00e9 de petits rameaux dress\u00e9s, palm\u00e9s et aplatis, brun\u00e2tres, tr\u00e8s divis\u00e9s, de 0,3-20 mm de hauteur sur 0,1-0,7 mm d\u2019\u00e9paisseur. Apoth\u00e9cies fr\u00e9quentes, rappelant celles des pyr\u00e9nolichens, situ\u00e9es dans des renflements terminaux (0,3-0,5 mm). Pycnides petites, terminales ou presque [www.afl-lichenologie.fr].<\/p>\n\n\n\n<p>Discrimination <em>L. confinis<\/em> &amp; <em>L. Pygmaea<\/em> :<\/p>\n\n\n\n<ul class=\"wp-block-list\">\n<li>Taille : 5(10) mm de haut \/ &lt;= 20 mm de haut<\/li>\n\n\n\n<li>Rameaux : cylindriques \/ aplatis +- palm\u00e9s \u00e0 l\u2019extr\u00e9mit\u00e9<\/li>\n\n\n\n<li>R\u00e9partition : pr\u00e9sent dans la zone \u00e0 <em>Caloplaca marina<\/em>, \u00e0 la limite des hautes eaux \/ plus bas que <em>L. confinis <\/em>dans la zone recouverte \u00e0 mar\u00e9e haute.<\/li>\n<\/ul>\n\n\n\n<hr class=\"wp-block-separator has-alpha-channel-opacity\"\/>\n\n\n\n<p>Source :<\/p>\n\n\n\n<ul class=\"wp-block-list\">\n<li>Dictionnaire encyclop\u00e9dique des sciences de la nature et de la biodiversit\u00e9 &#8211; RAMADE F. (2008)<\/li>\n\n\n\n<li>Guide des foug\u00e8res, mousses et lichens d&rsquo;Europe &#8211; JAHNS H.M. (1996)<\/li>\n\n\n\n<li>Guide des lichens &#8211; 350 esp\u00e8ces de lichens d\u2019Europe &#8211; TIEVANT P. (2001)<\/li>\n\n\n\n<li>Guides naturalistes des c\u00f4tes de France &#8211; BOURNERIAS M. &amp; al.<\/li>\n\n\n\n<li>Guide des Lichens de France &#8211; Lichens des roches &#8211; ASTA J. &amp; al. (2016)<\/li>\n\n\n\n<li>Petit guide illustr\u00e9 de Botanique &#8211; DECARPENTRIE C. (2021)<\/li>\n<\/ul>\n\n\n\n<ul class=\"wp-block-list\">\n<li>www.fr.wikipedia.org<\/li>\n<\/ul>\n\n\n\n<p>Photographies :<\/p>\n\n\n\n<ul class=\"wp-block-list\">\n<li>Gaby AR BRAZ Dirlem \u2013 Nikon D700 &#8211; Ecosystema.fr \u2122 \u00a9 (2022)<\/li>\n\n\n\n<li>Gaby AR BRAZ Dirlem \u2013 PhotoPhone iPhone SE G3 2022 &#8211; Ecosystema.fr \u2122 \u00a9 (2023)<\/li>\n\n\n\n<li>Gaby AR BRAZ Dirlem \u2013 Fuji Velvia 50 ISO &#8211; Ecosystema.fr \u2122 \u00a9 (2008)<\/li>\n<\/ul>\n\n\n\n<p>Dessin :<\/p>\n\n\n\n<ul class=\"wp-block-list\">\n<li>The 83rd plate from Ernst Haeckel&rsquo;s Kunstformen der Natur (1904), depicting organisms classified as Lichenes.<\/li>\n<\/ul>\n\n\n\n<p><strong>CC<\/strong> BY-NC-ND<\/p>\n","protected":false},"excerpt":{"rendered":"<p>2008-2023 version 2.2 La flore est dans l\u2019ensemble endormie, mais il y a toujours nombres choses \u00e0 observer dans la nature. Par exemple les lichens et particuli\u00e8rement ceux du littoral, qui sont heureusement peu nombreux et facilement identifiables. En voici quelques-un photographi\u00e9s \u00e0 Guimaec (2008) , Kerlouan (2022) dans le Finist\u00e8re nord et \u00e0 Ouessant&hellip;<\/p>\n","protected":false},"author":1,"featured_media":3525,"comment_status":"open","ping_status":"open","sticky":false,"template":"","format":"standard","meta":{"footnotes":""},"categories":[4,5,9,19,21,26,29,36],"tags":[117,83,85,86],"class_list":["post-2727","post","type-post","status-publish","format-standard","has-post-thumbnail","hentry","category-bibliographie","category-bretagne","category-ecologie","category-flore","category-flore-oceanographie","category-massif-armoricain","category-phytosociologie","category-randonnee","tag-etages","tag-lichens","tag-littoral","tag-mer"],"jetpack_featured_media_url":"https:\/\/ecosystema.fr\/wp-content\/uploads\/2023\/07\/img_0128-scaled.jpg","_links":{"self":[{"href":"https:\/\/ecosystema.fr\/index.php\/wp-json\/wp\/v2\/posts\/2727","targetHints":{"allow":["GET"]}}],"collection":[{"href":"https:\/\/ecosystema.fr\/index.php\/wp-json\/wp\/v2\/posts"}],"about":[{"href":"https:\/\/ecosystema.fr\/index.php\/wp-json\/wp\/v2\/types\/post"}],"author":[{"embeddable":true,"href":"https:\/\/ecosystema.fr\/index.php\/wp-json\/wp\/v2\/users\/1"}],"replies":[{"embeddable":true,"href":"https:\/\/ecosystema.fr\/index.php\/wp-json\/wp\/v2\/comments?post=2727"}],"version-history":[{"count":12,"href":"https:\/\/ecosystema.fr\/index.php\/wp-json\/wp\/v2\/posts\/2727\/revisions"}],"predecessor-version":[{"id":3540,"href":"https:\/\/ecosystema.fr\/index.php\/wp-json\/wp\/v2\/posts\/2727\/revisions\/3540"}],"wp:featuredmedia":[{"embeddable":true,"href":"https:\/\/ecosystema.fr\/index.php\/wp-json\/wp\/v2\/media\/3525"}],"wp:attachment":[{"href":"https:\/\/ecosystema.fr\/index.php\/wp-json\/wp\/v2\/media?parent=2727"}],"wp:term":[{"taxonomy":"category","embeddable":true,"href":"https:\/\/ecosystema.fr\/index.php\/wp-json\/wp\/v2\/categories?post=2727"},{"taxonomy":"post_tag","embeddable":true,"href":"https:\/\/ecosystema.fr\/index.php\/wp-json\/wp\/v2\/tags?post=2727"}],"curies":[{"name":"wp","href":"https:\/\/api.w.org\/{rel}","templated":true}]}}