{"id":2685,"date":"2022-09-18T21:29:33","date_gmt":"2022-09-18T19:29:33","guid":{"rendered":"https:\/\/ecosystema.fr\/?p=2685"},"modified":"2023-06-29T17:12:23","modified_gmt":"2023-06-29T15:12:23","slug":"vegetation-amphibie-a-littorelle-des-etangs-et-baldellie-fausse-renoncule-rampante","status":"publish","type":"post","link":"https:\/\/ecosystema.fr\/index.php\/2022\/09\/18\/vegetation-amphibie-a-littorelle-des-etangs-et-baldellie-fausse-renoncule-rampante\/","title":{"rendered":"V\u00e9g\u00e9tation amphibie \u00e0 Littorelle des \u00e9tangs et Baldellie fausse-renoncule rampante"},"content":{"rendered":"\n<figure class=\"wp-block-image size-large\"><img loading=\"lazy\" decoding=\"async\" width=\"1024\" height=\"682\" src=\"https:\/\/ecosystema.fr\/wp-content\/uploads\/2022\/09\/31082022_glb6866-2-1024x682.jpg\" alt=\"\" class=\"wp-image-2688\" srcset=\"https:\/\/ecosystema.fr\/wp-content\/uploads\/2022\/09\/31082022_glb6866-2-1024x682.jpg 1024w, https:\/\/ecosystema.fr\/wp-content\/uploads\/2022\/09\/31082022_glb6866-2-300x200.jpg 300w, https:\/\/ecosystema.fr\/wp-content\/uploads\/2022\/09\/31082022_glb6866-2-768x511.jpg 768w, https:\/\/ecosystema.fr\/wp-content\/uploads\/2022\/09\/31082022_glb6866-2-1536x1022.jpg 1536w, https:\/\/ecosystema.fr\/wp-content\/uploads\/2022\/09\/31082022_glb6866-2-2048x1363.jpg 2048w, https:\/\/ecosystema.fr\/wp-content\/uploads\/2022\/09\/31082022_glb6866-2-809x538.jpg 809w\" sizes=\"auto, (max-width: 1024px) 100vw, 1024px\" \/><\/figure>\n\n\n\n<hr class=\"wp-block-separator has-alpha-channel-opacity\"\/>\n\n\n\n<p>C\u2019est lors d\u2019un bivouac itin\u00e9rant dans les monts d\u2019Arr\u00e9e, en la commune de Brennilis, que j\u2019ai observ\u00e9 en p\u00e9riph\u00e9rie de la R\u00e9serve Naturelle une belle formation v\u00e9g\u00e9tale, que je m\u2019appr\u00eate \u00e0 vous d\u00e9voiler. Mais d\u00e9j\u00e0 sur les photos, vous pouvez remarquer sa physionomie particuli\u00e8re, formant un beau \u00ab gazon \u00bb vert sur une superficie notable, autour du r\u00e9servoir Saint-Michel. Cette esp\u00e8ce forme un tapis dense et riche de plusieurs milliers d\u2019individus clonaux.<\/p>\n\n\n\n<h2 class=\"wp-block-heading\">Synfloristique<\/h2>\n\n\n\n<p>Nous allons d\u00e9crire une esp\u00e8ce structurante donnant la physionomie \u00e0 l\u2019habitat, une autre esp\u00e8ce d\u00e9terminante donnant l\u2019association (en -etum) et deux autres esp\u00e8ces, ayant une auto-\u00e9cologie singuli\u00e8re, discriminante et apportant des informations sur les conditions stationnelles du milieu (ou biotope).<\/p>\n\n\n\n<h3 class=\"wp-block-heading\"><em>Littorella uniflora<\/em> (L.) Asch. (= <em>L.<\/em> <em>lacustris<\/em> L. = <em>L<\/em>. <em>juncea<\/em> Bergius)<\/h3>\n\n\n\n<p>(littorelle uniflore, littorelle des lacs) \u2014 Ce taxon fleuris du VI au VIII (les photos du taxon ont \u00e9t\u00e9 prises apr\u00e8s la floraison (septembre), d\u2019un point de vue strictement floristique on pourrait le confondre avec Isoetes histrix \u2014 C\u2019est une hydroh\u00e9micryptophyte de 5-10 cm \u2014 Auto\u00e9cologiquement c\u2019est une amphibie des sables et graviers longtemps inond\u00e9s, oligotrophique ; colonisant les mares, gr\u00e8ves d\u2019\u00e9tangs, et les orni\u00e8res de chemins sablonneux \u2014 Phytog\u00e9ographiquement, c\u2019est une Subatlantique.<\/p>\n\n\n\n<figure class=\"wp-block-image size-large\"><img loading=\"lazy\" decoding=\"async\" width=\"1024\" height=\"681\" src=\"https:\/\/ecosystema.fr\/wp-content\/uploads\/2022\/09\/02092022_glb6897-1-1024x681.jpg\" alt=\"\" class=\"wp-image-2694\" srcset=\"https:\/\/ecosystema.fr\/wp-content\/uploads\/2022\/09\/02092022_glb6897-1-1024x681.jpg 1024w, https:\/\/ecosystema.fr\/wp-content\/uploads\/2022\/09\/02092022_glb6897-1-300x200.jpg 300w, https:\/\/ecosystema.fr\/wp-content\/uploads\/2022\/09\/02092022_glb6897-1-768x511.jpg 768w, https:\/\/ecosystema.fr\/wp-content\/uploads\/2022\/09\/02092022_glb6897-1-1536x1022.jpg 1536w, https:\/\/ecosystema.fr\/wp-content\/uploads\/2022\/09\/02092022_glb6897-1-2048x1363.jpg 2048w, https:\/\/ecosystema.fr\/wp-content\/uploads\/2022\/09\/02092022_glb6897-1-809x538.jpg 809w\" sizes=\"auto, (max-width: 1024px) 100vw, 1024px\" \/><\/figure>\n\n\n\n<figure class=\"wp-block-gallery has-nested-images columns-default is-cropped wp-block-gallery-1 is-layout-flex wp-block-gallery-is-layout-flex\">\n<figure class=\"wp-block-image\"><img loading=\"lazy\" decoding=\"async\" width=\"1024\" height=\"681\" data-id=\"2660\" src=\"https:\/\/ecosystema.fr\/wp-content\/uploads\/2022\/09\/31082022_glb6859-1024x681.jpg\" alt=\"\" class=\"wp-image-2660\" srcset=\"https:\/\/ecosystema.fr\/wp-content\/uploads\/2022\/09\/31082022_glb6859-1024x681.jpg 1024w, https:\/\/ecosystema.fr\/wp-content\/uploads\/2022\/09\/31082022_glb6859-300x200.jpg 300w, https:\/\/ecosystema.fr\/wp-content\/uploads\/2022\/09\/31082022_glb6859-768x511.jpg 768w, https:\/\/ecosystema.fr\/wp-content\/uploads\/2022\/09\/31082022_glb6859-1536x1022.jpg 1536w, https:\/\/ecosystema.fr\/wp-content\/uploads\/2022\/09\/31082022_glb6859-2048x1363.jpg 2048w, https:\/\/ecosystema.fr\/wp-content\/uploads\/2022\/09\/31082022_glb6859-809x538.jpg 809w\" sizes=\"auto, (max-width: 1024px) 100vw, 1024px\" \/><\/figure>\n\n\n\n<figure class=\"wp-block-image\"><img loading=\"lazy\" decoding=\"async\" width=\"681\" height=\"1024\" data-id=\"2661\" src=\"https:\/\/ecosystema.fr\/wp-content\/uploads\/2022\/09\/31082022_glb6840-681x1024.jpg\" alt=\"\" class=\"wp-image-2661\" srcset=\"https:\/\/ecosystema.fr\/wp-content\/uploads\/2022\/09\/31082022_glb6840-681x1024.jpg 681w, https:\/\/ecosystema.fr\/wp-content\/uploads\/2022\/09\/31082022_glb6840-200x300.jpg 200w, https:\/\/ecosystema.fr\/wp-content\/uploads\/2022\/09\/31082022_glb6840-768x1154.jpg 768w, https:\/\/ecosystema.fr\/wp-content\/uploads\/2022\/09\/31082022_glb6840-1022x1536.jpg 1022w, https:\/\/ecosystema.fr\/wp-content\/uploads\/2022\/09\/31082022_glb6840-1362x2048.jpg 1362w, https:\/\/ecosystema.fr\/wp-content\/uploads\/2022\/09\/31082022_glb6840-809x1216.jpg 809w, https:\/\/ecosystema.fr\/wp-content\/uploads\/2022\/09\/31082022_glb6840-scaled.jpg 1703w\" sizes=\"auto, (max-width: 681px) 100vw, 681px\" \/><\/figure>\n\n\n\n<figure class=\"wp-block-image\"><img loading=\"lazy\" decoding=\"async\" width=\"1024\" height=\"681\" data-id=\"2662\" src=\"https:\/\/ecosystema.fr\/wp-content\/uploads\/2022\/09\/31082022_glb6855-1024x681.jpg\" alt=\"\" class=\"wp-image-2662\" srcset=\"https:\/\/ecosystema.fr\/wp-content\/uploads\/2022\/09\/31082022_glb6855-1024x681.jpg 1024w, https:\/\/ecosystema.fr\/wp-content\/uploads\/2022\/09\/31082022_glb6855-300x200.jpg 300w, https:\/\/ecosystema.fr\/wp-content\/uploads\/2022\/09\/31082022_glb6855-768x511.jpg 768w, https:\/\/ecosystema.fr\/wp-content\/uploads\/2022\/09\/31082022_glb6855-1536x1022.jpg 1536w, https:\/\/ecosystema.fr\/wp-content\/uploads\/2022\/09\/31082022_glb6855-2048x1363.jpg 2048w, https:\/\/ecosystema.fr\/wp-content\/uploads\/2022\/09\/31082022_glb6855-809x538.jpg 809w\" sizes=\"auto, (max-width: 1024px) 100vw, 1024px\" \/><\/figure>\n<figcaption class=\"blocks-gallery-caption wp-element-caption\"><em>Littorella uniflora<\/em> (L.) Asch.<\/figcaption><\/figure>\n\n\n\n<h3 class=\"wp-block-heading\"><em>Baldellia ranunculoides subsp. repens<\/em> (= Alisma ranunculoides L.)<\/h3>\n\n\n\n<p>(fl\u00fbteau fausse-renoncule) \u2014 Ce taxon fleuris du VI au IX \u2014 C\u2019est une h\u00e9lophyte ou hydroh\u00e9micryptophyte de 15-40 cm \u2014 Auto\u00e9cologiquement c\u2019est une amphibie, surtout sur sables ; colonisant les bord des \u00e9tangs et les mares \u2014 C\u2019est une Subm\u00e9diterran\u00e9o-atlantique.<\/p>\n\n\n\n<p>Plus syst\u00e9matiquement, <em>Baldellia ranunculoides subsp. repens<\/em> est une plante tr\u00e8s variable en fonction des conditions stationnelles ; de fait, la valeur taxonomique est contest\u00e9e par certains auteurs ; d\u2019autres ont \u00e9mis l\u2019opinion que le taxon europ\u00e9en nomm\u00e9 ici par moi subsp. repens pourrait \u00eatre diff\u00e9rent de cette sous-esp\u00e8ce, d\u00e9crite d\u2019Afrique du Nord : il devrait alors se nommer subsp. <em>cavanillesii<\/em>.<\/p>\n\n\n\n<p>Diagnose de <em>Baldellia ranunculoides subsp. ranunculoides \/ repens<\/em> :<br>Tige florif\u00e8re presque toujours dress\u00e9e \/ parfois dress\u00e9e, le plus souvent rampante et radicante aux noeuds de l&rsquo;inflorescence\u2026 Inflorescence \u00e0 verticille comprenant 6-20 \/ 1-6 fleurs\u2026 Fleur de diam. 13-15(-18) \/ 15-22 mm\u2026 Fruit \u00e0 20-45 \/ 15-20 ak\u00e8nes\u2026 Fruit de diam. c. 8 \/ c. 5 mm\u2026 Ak\u00e8ne non papilleux \/ papilleux.<\/p>\n\n\n\n<figure class=\"wp-block-image size-large\"><img loading=\"lazy\" decoding=\"async\" width=\"1024\" height=\"681\" src=\"https:\/\/ecosystema.fr\/wp-content\/uploads\/2022\/09\/31082022_glb6869-1-1024x681.jpg\" alt=\"\" class=\"wp-image-2695\" srcset=\"https:\/\/ecosystema.fr\/wp-content\/uploads\/2022\/09\/31082022_glb6869-1-1024x681.jpg 1024w, https:\/\/ecosystema.fr\/wp-content\/uploads\/2022\/09\/31082022_glb6869-1-300x200.jpg 300w, https:\/\/ecosystema.fr\/wp-content\/uploads\/2022\/09\/31082022_glb6869-1-768x511.jpg 768w, https:\/\/ecosystema.fr\/wp-content\/uploads\/2022\/09\/31082022_glb6869-1-1536x1022.jpg 1536w, https:\/\/ecosystema.fr\/wp-content\/uploads\/2022\/09\/31082022_glb6869-1-2048x1363.jpg 2048w, https:\/\/ecosystema.fr\/wp-content\/uploads\/2022\/09\/31082022_glb6869-1-809x538.jpg 809w\" sizes=\"auto, (max-width: 1024px) 100vw, 1024px\" \/><\/figure>\n\n\n\n<figure class=\"wp-block-gallery has-nested-images columns-default wp-block-gallery-2 is-layout-flex wp-block-gallery-is-layout-flex\">\n<figure class=\"wp-block-image\"><img loading=\"lazy\" decoding=\"async\" width=\"1024\" height=\"681\" data-id=\"2682\" src=\"https:\/\/ecosystema.fr\/wp-content\/uploads\/2022\/09\/31082022_glb6871-1-1024x681.jpg\" alt=\"\" class=\"wp-image-2682\" srcset=\"https:\/\/ecosystema.fr\/wp-content\/uploads\/2022\/09\/31082022_glb6871-1-1024x681.jpg 1024w, https:\/\/ecosystema.fr\/wp-content\/uploads\/2022\/09\/31082022_glb6871-1-300x200.jpg 300w, https:\/\/ecosystema.fr\/wp-content\/uploads\/2022\/09\/31082022_glb6871-1-768x511.jpg 768w, https:\/\/ecosystema.fr\/wp-content\/uploads\/2022\/09\/31082022_glb6871-1-1536x1022.jpg 1536w, https:\/\/ecosystema.fr\/wp-content\/uploads\/2022\/09\/31082022_glb6871-1-2048x1363.jpg 2048w, https:\/\/ecosystema.fr\/wp-content\/uploads\/2022\/09\/31082022_glb6871-1-809x538.jpg 809w\" sizes=\"auto, (max-width: 1024px) 100vw, 1024px\" \/><\/figure>\n\n\n\n<figure class=\"wp-block-image\"><img loading=\"lazy\" decoding=\"async\" width=\"1024\" height=\"681\" data-id=\"2681\" src=\"https:\/\/ecosystema.fr\/wp-content\/uploads\/2022\/09\/31082022_glb6868-1-1024x681.jpg\" alt=\"\" class=\"wp-image-2681\" srcset=\"https:\/\/ecosystema.fr\/wp-content\/uploads\/2022\/09\/31082022_glb6868-1-1024x681.jpg 1024w, https:\/\/ecosystema.fr\/wp-content\/uploads\/2022\/09\/31082022_glb6868-1-300x200.jpg 300w, https:\/\/ecosystema.fr\/wp-content\/uploads\/2022\/09\/31082022_glb6868-1-768x511.jpg 768w, https:\/\/ecosystema.fr\/wp-content\/uploads\/2022\/09\/31082022_glb6868-1-1536x1022.jpg 1536w, https:\/\/ecosystema.fr\/wp-content\/uploads\/2022\/09\/31082022_glb6868-1-2048x1363.jpg 2048w, https:\/\/ecosystema.fr\/wp-content\/uploads\/2022\/09\/31082022_glb6868-1-809x538.jpg 809w\" sizes=\"auto, (max-width: 1024px) 100vw, 1024px\" \/><\/figure>\n<figcaption class=\"blocks-gallery-caption wp-element-caption\"><em>Baldellia ranunculoides subsp. repens<\/em><\/figcaption><\/figure>\n\n\n\n<h3 class=\"wp-block-heading\"><em>Hypericum elodes<\/em> L. (= <em>Elodes palustris<\/em> Spach)<\/h3>\n\n\n\n<p>(millepertuis des marais) \u2014 Ce taxon fleuris du VII au VIII \u2014 C\u2019est une H\u00e9lophyte de 10-30 cm \u2014 Auto\u00e9cologiquement c\u2019est une hydrophile \u00e0 amphibie, acidicline, turficole ; colonisant les foss\u00e9s, bord des mares, d\u00e9pressions mar\u00e9cageuses, suintements et tourbi\u00e8res \u2014 C\u2019est une Subaltique.<br><em>Hypericum elodes<\/em> est inf\u00e9od\u00e9 aux v\u00e9g\u00e9tations oligotrophes humides. Il se rencontre, souvent en compagnie de <em>Potamogeton polygonifolius<\/em> et de <em>Scirpus fluitans<\/em>, dans les ceintures amphibies des \u00e9tangs, lacs et mares, ainsi que dans les d\u00e9pressions tourbeuses au sein des landes et tourbi\u00e8res.<\/p>\n\n\n\n<figure class=\"wp-block-image size-large\"><img loading=\"lazy\" decoding=\"async\" width=\"1024\" height=\"681\" src=\"https:\/\/ecosystema.fr\/wp-content\/uploads\/2022\/09\/31082022_glb6873-1-1024x681.jpg\" alt=\"\" class=\"wp-image-2691\" srcset=\"https:\/\/ecosystema.fr\/wp-content\/uploads\/2022\/09\/31082022_glb6873-1-1024x681.jpg 1024w, https:\/\/ecosystema.fr\/wp-content\/uploads\/2022\/09\/31082022_glb6873-1-300x200.jpg 300w, https:\/\/ecosystema.fr\/wp-content\/uploads\/2022\/09\/31082022_glb6873-1-768x511.jpg 768w, https:\/\/ecosystema.fr\/wp-content\/uploads\/2022\/09\/31082022_glb6873-1-1536x1022.jpg 1536w, https:\/\/ecosystema.fr\/wp-content\/uploads\/2022\/09\/31082022_glb6873-1-2048x1362.jpg 2048w, https:\/\/ecosystema.fr\/wp-content\/uploads\/2022\/09\/31082022_glb6873-1-809x538.jpg 809w\" sizes=\"auto, (max-width: 1024px) 100vw, 1024px\" \/><figcaption class=\"wp-element-caption\">Formation \u00e0 <em>Hypericum elodes<\/em><\/figcaption><\/figure>\n\n\n\n<figure class=\"wp-block-gallery has-nested-images columns-default wp-block-gallery-3 is-layout-flex wp-block-gallery-is-layout-flex\">\n<figure class=\"wp-block-image\"><img loading=\"lazy\" decoding=\"async\" width=\"681\" height=\"1024\" data-id=\"2664\" src=\"https:\/\/ecosystema.fr\/wp-content\/uploads\/2022\/09\/31082022_glb6875-681x1024.jpg\" alt=\"\" class=\"wp-image-2664\" srcset=\"https:\/\/ecosystema.fr\/wp-content\/uploads\/2022\/09\/31082022_glb6875-681x1024.jpg 681w, https:\/\/ecosystema.fr\/wp-content\/uploads\/2022\/09\/31082022_glb6875-200x300.jpg 200w, https:\/\/ecosystema.fr\/wp-content\/uploads\/2022\/09\/31082022_glb6875-768x1155.jpg 768w, https:\/\/ecosystema.fr\/wp-content\/uploads\/2022\/09\/31082022_glb6875-1022x1536.jpg 1022w, https:\/\/ecosystema.fr\/wp-content\/uploads\/2022\/09\/31082022_glb6875-1362x2048.jpg 1362w, https:\/\/ecosystema.fr\/wp-content\/uploads\/2022\/09\/31082022_glb6875-809x1216.jpg 809w, https:\/\/ecosystema.fr\/wp-content\/uploads\/2022\/09\/31082022_glb6875-scaled.jpg 1703w\" sizes=\"auto, (max-width: 681px) 100vw, 681px\" \/><\/figure>\n\n\n\n<figure class=\"wp-block-image\"><img loading=\"lazy\" decoding=\"async\" width=\"682\" height=\"1024\" data-id=\"2665\" src=\"https:\/\/ecosystema.fr\/wp-content\/uploads\/2022\/09\/31082022_glb6874-682x1024.jpg\" alt=\"\" class=\"wp-image-2665\" srcset=\"https:\/\/ecosystema.fr\/wp-content\/uploads\/2022\/09\/31082022_glb6874-682x1024.jpg 682w, https:\/\/ecosystema.fr\/wp-content\/uploads\/2022\/09\/31082022_glb6874-200x300.jpg 200w, https:\/\/ecosystema.fr\/wp-content\/uploads\/2022\/09\/31082022_glb6874-768x1154.jpg 768w, https:\/\/ecosystema.fr\/wp-content\/uploads\/2022\/09\/31082022_glb6874-1022x1536.jpg 1022w, https:\/\/ecosystema.fr\/wp-content\/uploads\/2022\/09\/31082022_glb6874-1363x2048.jpg 1363w, https:\/\/ecosystema.fr\/wp-content\/uploads\/2022\/09\/31082022_glb6874-809x1216.jpg 809w, https:\/\/ecosystema.fr\/wp-content\/uploads\/2022\/09\/31082022_glb6874-scaled.jpg 1704w\" sizes=\"auto, (max-width: 682px) 100vw, 682px\" \/><\/figure>\n<figcaption class=\"blocks-gallery-caption wp-element-caption\"><em>Hypericum elodes<\/em> L.<\/figcaption><\/figure>\n\n\n\n<h3 class=\"wp-block-heading\"><em>Juncus effusus<\/em> L.<\/h3>\n\n\n\n<p>(jonc diffus, jonc commun, jonc \u00e9pars) \u2014 Ce taxon fleuris du VI au VIII \u2014 C\u2019est une H\u00e9micryptophyte de 50-100 cm \u2014 Auto\u00e9cologiquement c\u2019est une prairiale, hygrophile, neutrophile \u00e0 acidicline ; s\u2019exprimant dans les prairies humides, bord des eaux, les coupes, les chemins forestiers et les foss\u00e9s \u2014 C\u2019est une Subcosmopolite.<br>Pour information et traduire la nature de l\u2019humus pr\u00e9sent dans ce peuplement, celui-ci est de type mull m\u00e9sotrophe \u00e0 mull moder ; correspondant \u00e0 des sols moyennement riches en \u00e9l\u00e9ments nutritifs avec un pH l\u00e9g\u00e8rement \u00e0 moyennement acide.<br>Notons que le caract\u00e8re indicateur du taxon, traduit un sol tass\u00e9 et\/ou une remont\u00e9e de la nappe.<\/p>\n\n\n\n<figure class=\"wp-block-image size-large\"><img loading=\"lazy\" decoding=\"async\" width=\"1024\" height=\"681\" src=\"https:\/\/ecosystema.fr\/wp-content\/uploads\/2022\/09\/31082022_glb6879-1024x681.jpg\" alt=\"\" class=\"wp-image-2667\" srcset=\"https:\/\/ecosystema.fr\/wp-content\/uploads\/2022\/09\/31082022_glb6879-1024x681.jpg 1024w, https:\/\/ecosystema.fr\/wp-content\/uploads\/2022\/09\/31082022_glb6879-300x200.jpg 300w, https:\/\/ecosystema.fr\/wp-content\/uploads\/2022\/09\/31082022_glb6879-768x511.jpg 768w, https:\/\/ecosystema.fr\/wp-content\/uploads\/2022\/09\/31082022_glb6879-1536x1022.jpg 1536w, https:\/\/ecosystema.fr\/wp-content\/uploads\/2022\/09\/31082022_glb6879-2048x1363.jpg 2048w, https:\/\/ecosystema.fr\/wp-content\/uploads\/2022\/09\/31082022_glb6879-809x538.jpg 809w\" sizes=\"auto, (max-width: 1024px) 100vw, 1024px\" \/><figcaption class=\"wp-element-caption\"><em>Juncus effusus<\/em> L. (Touradons)<\/figcaption><\/figure>\n\n\n\n<h3 class=\"wp-block-heading\">Aide \u00e0 la d\u00e9termination de Littorella uniflorae sous forme v\u00e9g\u00e9tative<\/h3>\n\n\n\n<p>Lvs mostly submerged, all basal, alt, simple and unlobed, &lt; 10 mm wide<br> Lvs solid or with indistinct hollows\/aerenchyma. Roots whitish, solid.<br>  Lvs +- opaque or with stolons, &lt; 3 mm wide<br>   Sheaths whithout auricles and cross-veins<br>    Stoloniferous per, often turf-forming. Lvs 30-70 x 2-3 mm +- cylindrical to flat, obtuse to acute (hydrathode often purplish), usu with a few obscure hairs at sheathing base +- rigide, with spongy aerenchyma and tiny central vb. All yr<\/p>\n\n\n\n<p><span style=\"text-decoration: underline\">Symbols &amp; Abbreviations :<\/span><br>+- : more-or-less (qualitative) ; approximately (quantitative)<br>&lt; less than<br>Alt : alternate<br>Lvs : leaves<br>Per : perennial<br>Usu : usually<br>Vb : vascular bundles<br>Yr : year<\/p>\n\n\n\n<p><span style=\"text-decoration: underline\">Commentaires g\u00e9n\u00e9raux et compl\u00e9mentaires sur la forme v\u00e9g\u00e9tative :<\/span><br>Feuilles en rosette basale, \u00e9troitement lin\u00e9aire, graminiformes, souvent canalicul\u00e9es, glabres, 25-40 mm de long. Propagation par des stolons.<\/p>\n\n\n\n<h3 class=\"wp-block-heading\">Focus sur une plante menac\u00e9e et prot\u00e9g\u00e9e : <em>Littorella uniflorae<\/em><\/h3>\n\n\n\n<figure class=\"wp-block-image size-large\"><img loading=\"lazy\" decoding=\"async\" width=\"1024\" height=\"449\" src=\"https:\/\/ecosystema.fr\/wp-content\/uploads\/2022\/09\/02092022_glb6899-1024x449.jpg\" alt=\"\" class=\"wp-image-2668\" srcset=\"https:\/\/ecosystema.fr\/wp-content\/uploads\/2022\/09\/02092022_glb6899-1024x449.jpg 1024w, https:\/\/ecosystema.fr\/wp-content\/uploads\/2022\/09\/02092022_glb6899-300x131.jpg 300w, https:\/\/ecosystema.fr\/wp-content\/uploads\/2022\/09\/02092022_glb6899-768x336.jpg 768w, https:\/\/ecosystema.fr\/wp-content\/uploads\/2022\/09\/02092022_glb6899-1536x673.jpg 1536w, https:\/\/ecosystema.fr\/wp-content\/uploads\/2022\/09\/02092022_glb6899-2048x897.jpg 2048w, https:\/\/ecosystema.fr\/wp-content\/uploads\/2022\/09\/02092022_glb6899-809x354.jpg 809w\" sizes=\"auto, (max-width: 1024px) 100vw, 1024px\" \/><figcaption class=\"wp-element-caption\">\u00c9chantillon pr\u00e9lev\u00e9 en ao\u00fbt 1995\u2026 par m\u00e9connaissance du statut de Protection nationale.<\/figcaption><\/figure>\n\n\n\n<h4 class=\"wp-block-heading\">Ecologie<\/h4>\n\n\n\n<p>Le taxon forme des gazons denses (clonaux) sur des ourlets littoraux ouverts qui sont submerg\u00e9s 6-20 semaines par an, au-dessous du niveau moyen des hautes eaux, elle peut aussi \u00eatre immerg\u00e9e jusqu\u2019\u00e0 quatre m\u00e8tres de profondeur. Ceci sur des sols pauvres en nutriments, riches en base, limono-sabloneux ou graveleux-caillouteux au bord des eaux oligo- \u00e0 m\u00e9sotrophes. Elle cro\u00eet en outre dans des \u00e9tangs oligotrophes acides sans calcaire. Il est relativement indiff\u00e9rent au pH. En l\u2019absence de hautes eaux annuelles, elle est rapidement \u00e9limin\u00e9e par la concurrence.<\/p>\n\n\n\n<figure class=\"wp-block-image size-large\"><img loading=\"lazy\" decoding=\"async\" width=\"1024\" height=\"681\" src=\"https:\/\/ecosystema.fr\/wp-content\/uploads\/2022\/09\/31082022_glb6855-1-1024x681.jpg\" alt=\"\" class=\"wp-image-2693\" srcset=\"https:\/\/ecosystema.fr\/wp-content\/uploads\/2022\/09\/31082022_glb6855-1-1024x681.jpg 1024w, https:\/\/ecosystema.fr\/wp-content\/uploads\/2022\/09\/31082022_glb6855-1-300x200.jpg 300w, https:\/\/ecosystema.fr\/wp-content\/uploads\/2022\/09\/31082022_glb6855-1-768x511.jpg 768w, https:\/\/ecosystema.fr\/wp-content\/uploads\/2022\/09\/31082022_glb6855-1-1536x1022.jpg 1536w, https:\/\/ecosystema.fr\/wp-content\/uploads\/2022\/09\/31082022_glb6855-1-2048x1363.jpg 2048w, https:\/\/ecosystema.fr\/wp-content\/uploads\/2022\/09\/31082022_glb6855-1-809x538.jpg 809w\" sizes=\"auto, (max-width: 1024px) 100vw, 1024px\" \/><figcaption class=\"wp-element-caption\">Formation \u00e0 <em>L. uniflora<\/em> sur sol limono-sabloneux <\/figcaption><\/figure>\n\n\n\n<h4 class=\"wp-block-heading\">Particularit\u00e9 de l\u2019esp\u00e8ce<\/h4>\n\n\n\n<p>H\u00e9micryptophyte ou hydrophyte, ce taxon est une reliquat glaciaire. Elle peut d\u00e9velopper des formes aquatiques st\u00e9riles (\u00e0 feuilles pouvant atteindre 18 cm et sans stomates) et produit de nombreux stolons tr\u00e8s longs, surtout en eau peu profonde. La pollinisation est an\u00e9mophile. Outre la propagation par les stolons, la diss\u00e9mination est assur\u00e9e par les oiseaux aquatiques. Ce sont souvent les fluctuations du niveau d\u2019eau, qui appr\u00eatent pour les esp\u00e8ces littorales peu comp\u00e9titives des espaces vides de concurrence. Un pi\u00e9tinement mod\u00e9r\u00e9 les favorise plut\u00f4t, en nuisant \u00e0 la concurrence.<\/p>\n\n\n\n<h4 class=\"wp-block-heading\">R\u00e9partition g\u00e9n\u00e9rale<\/h4>\n\n\n\n<p>\u00c9l\u00e9ment <strong>bor\u00e9al-subatlantique<\/strong>, l\u2019esp\u00e8ce est r\u00e9pandue dans l\u2019ouest et centre de l\u2019Europe. Elle ne manque que dans la r\u00e9gion arctique scandinave ; absente de l\u2019extr\u00eame-sud, elle p\u00e9n\u00e8tre dans la r\u00e9gion m\u00e9diterran\u00e9enne (par exemple jusqu\u2019en Italie centrale, en Sardaigne et en Corse).<\/p>\n\n\n\n<h4 class=\"wp-block-heading\">Menaces<\/h4>\n\n\n\n<p>Cette esp\u00e8ce est sensible aux modifications de son habitat : eutrophisation, comblement, emboisement, ass\u00e8chement et emploi d\u2019herbicides en milieu aquatique. Diss\u00e9min\u00e9e un peu partout, l\u2019esp\u00e8ce est fortement menac\u00e9e, au moins dans le sud de l\u2019Europe centrale ; dans d\u2019autres r\u00e9gions elle est encore assez r\u00e9pandue.<\/p>\n\n\n\n<h2 class=\"wp-block-heading\">Statut des plantes constituante de la formation v\u00e9g\u00e9tale (synphysionomie) et d\u00e9terminantes (syn\u00e9cologie) dans le Finist\u00e8re (29)<\/h2>\n\n\n\n<ol class=\"wp-block-list\">\n<li><em>L. uniflora<\/em> est peu commune et dispers\u00e9e. Certaines localit\u00e9s anciennes cit\u00e9es par les fr\u00e8res Crouan n\u2019ont pas \u00e9t\u00e9 revues r\u00e9cemment. Les observations r\u00e9centes concernent des bords de mares ou d\u2019\u00e9tangs \u00e0 niveau d\u2019eau variable (dont Brennilis).<\/li>\n\n\n\n<li><em>B. ranunculoides<\/em> est peu commune et se rencontre de mani\u00e8re diss\u00e9min\u00e9e sur le territoire dans les ceintures amphibies des mares et \u00e9tangs, ainsi que dans les foss\u00e9s. Les deux sous-esp\u00e8ces sont d\u00e9crites et reconnues sur le territoire. Elles n\u2019ont cependant pas \u00e9t\u00e9 suffisamment distingu\u00e9es pour pouvoir les cartographier individuellement. Le taxon pr\u00e9sente une r\u00e9partition principalement littorale, et est plus rare \u00e0 l\u2019int\u00e9rieur.<\/li>\n\n\n\n<li><em>H. elodes<\/em> est commun et largement repr\u00e9sent\u00e9 sur le territoire, \u00e0 l\u2019exception des c\u00f4tes soumises aux embruns et du L\u00e9on mara\u00eecher.<\/li>\n\n\n\n<li><em>J. effusus<\/em> est le jonc le plus commun de la flore. Poussant sur des sols aussi bien acides que neutres, il croit dans toutes les zones plus ou moins humides.<\/li>\n<\/ol>\n\n\n\n<h2 class=\"wp-block-heading\">Synsyst\u00e9matique<\/h2>\n\n\n\n<figure class=\"wp-block-gallery has-nested-images columns-default wp-block-gallery-4 is-layout-flex wp-block-gallery-is-layout-flex\">\n<figure class=\"wp-block-image\"><img loading=\"lazy\" decoding=\"async\" width=\"203\" height=\"300\" data-id=\"2673\" src=\"https:\/\/ecosystema.fr\/wp-content\/uploads\/2022\/09\/littorella-uniflora-203x300.jpg\" alt=\"\" class=\"wp-image-2673\" srcset=\"https:\/\/ecosystema.fr\/wp-content\/uploads\/2022\/09\/littorella-uniflora-203x300.jpg 203w, https:\/\/ecosystema.fr\/wp-content\/uploads\/2022\/09\/littorella-uniflora.jpg 546w\" sizes=\"auto, (max-width: 203px) 100vw, 203px\" \/><figcaption class=\"wp-element-caption\">Littorella uniflora (L.) Asch.<\/figcaption><\/figure>\n\n\n\n<figure class=\"wp-block-image\"><img loading=\"lazy\" decoding=\"async\" width=\"755\" height=\"1024\" data-id=\"2674\" src=\"https:\/\/ecosystema.fr\/wp-content\/uploads\/2022\/09\/baldellia-ranunculoides-755x1024.jpg\" alt=\"\" class=\"wp-image-2674\" srcset=\"https:\/\/ecosystema.fr\/wp-content\/uploads\/2022\/09\/baldellia-ranunculoides-755x1024.jpg 755w, https:\/\/ecosystema.fr\/wp-content\/uploads\/2022\/09\/baldellia-ranunculoides-221x300.jpg 221w, https:\/\/ecosystema.fr\/wp-content\/uploads\/2022\/09\/baldellia-ranunculoides-768x1042.jpg 768w, https:\/\/ecosystema.fr\/wp-content\/uploads\/2022\/09\/baldellia-ranunculoides-1133x1536.jpg 1133w, https:\/\/ecosystema.fr\/wp-content\/uploads\/2022\/09\/baldellia-ranunculoides-1510x2048.jpg 1510w, https:\/\/ecosystema.fr\/wp-content\/uploads\/2022\/09\/baldellia-ranunculoides-809x1097.jpg 809w, https:\/\/ecosystema.fr\/wp-content\/uploads\/2022\/09\/baldellia-ranunculoides.jpg 1555w\" sizes=\"auto, (max-width: 755px) 100vw, 755px\" \/><figcaption class=\"wp-element-caption\">Baldellia ranunculoides subsp. repens<\/figcaption><\/figure>\n<\/figure>\n\n\n\n<p>L\u2019habitat observ\u00e9 sur les rives du r\u00e9servoir appartient \u00e0 la classe des <strong><em>LITTORELLETEA UNIFLORAE<\/em><\/strong> Braun-Blanquet &amp; T\u00fcxen 1943 ;<\/p>\n\n\n\n<p>aux <strong><em>Littorelletalia uniflorae<\/em><\/strong> Koch 1926, correspondant \u00e0 une v\u00e9g\u00e9tation vivace oligotrophe et amphibie. On y observe le cort\u00e8ge floristique suivant : <em>Juncus bulbosus<\/em> (Tr\u00e8s commun), <em>Littorella uniflora<\/em> (taxon prot\u00e9g\u00e9 nationalement), <em>Luronium natans<\/em> (Peu commun) ;<\/p>\n\n\n\n<p>Phytog\u00e9ographiquement, il traduit le caract\u00e8re de l\u2019<strong><em>Hydrocotylo vulgaris &#8211; Baldellion ranunculoidis<\/em><\/strong> T\u00fcxen &amp; Dierssen in Dierssen 1972, correspondant \u00e0 une v\u00e9g\u00e9tation atlantique \u00e0 <em>Apium inundatum<\/em> (Assez commun), <em>A. repens<\/em>, <em>Baldellia ranunculoides subsp. repens<\/em>, <em>Eleocharis acicularis<\/em> (Tr\u00e8s rare, non observ\u00e9 : \u00e0 rechercher), <em>E. multicaulis<\/em> (Commun), <em>Hydrocotyle vulgaris<\/em> (Tr\u00e8s commun), <em>Hypericum elodes<\/em>, <em>Potamogeton polygonifolius<\/em> (Commun souvent en compagnie de <em>H. elodes<\/em>), <em>Scirpus fluitans<\/em> (Assez commun, peut former des peuplements importants), <em>Sparganium minimum<\/em> (Pr\u00e9sum\u00e9e disparue du Finist\u00e8re, \u00e0 rechercher) et <em>Veronica scutellata<\/em> (Assez commune, peut passer inaper\u00e7ue, \u00e0 chercher plus assid\u00fbment dans le Finist\u00e8re).<\/p>\n\n\n\n<p>En l\u2019absence d\u2019un \u00e9chantillonnage de la v\u00e9g\u00e9tation et l\u2019absence d\u2019un relev\u00e9 phytosociologique, puis d\u2019un recoupement avec la litt\u00e9rature Finist\u00e9rienne et du massif Armoricain, l\u2019association d\u00e9finie n\u2019est donn\u00e9e qu\u2019avec prudence.<\/p>\n\n\n\n<h1 class=\"wp-block-heading\">Commentaire sur le paradigme de la d\u00e9finition de l\u2019association<\/h1>\n\n\n\n<p>Rappelons que l\u2019association est l\u2019unit\u00e9 de base de la nomenclature phytosociologique. En cela, elle est analogue \u00e0 l\u2019esp\u00e8ce en botanique. En tant que socle du synsyst\u00e8me, elle se doit d\u2019\u00eatre d\u00e9finie rigoureusement afin d\u2019\u00e9viter toute d\u00e9rive m\u00e9thodologique.<\/p>\n\n\n\n<p>L\u2019association est un concept typologique abstrait, une cat\u00e9gorie qui r\u00e9sulte de la comparaison de relev\u00e9s (non effectu\u00e9es ici) de communaut\u00e9s v\u00e9g\u00e9tales, lesquelles sont des r\u00e9alit\u00e9s de terrain.<br>L\u2019association est &#8211; dans l\u2019absolu &#8211; d\u00e9finie exclusivement de mani\u00e8re floristique ; mais elle doit \u00eatre confort\u00e9e par les propri\u00e9t\u00e9s \u00e9cologiques stationnelles (c\u2019est \u00e0 dire \u00e9daphiques, climatiques, chorologiques, dynamiques (trajectoires), etc.).<\/p>\n\n\n\n<p>L\u2019association poss\u00e8de une morphologie pr\u00e9cise et poss\u00e8de une composition floristique \u00ab homog\u00e8ne \u00bb. Et en cons\u00e9quence, elle doit poss\u00e9der une combinaison d\u2019esp\u00e8ces de \u00ab hautes constance \u00bb.<br>L\u2019association doit \u00eatre originale, elle doit pouvoir \u00eatre diff\u00e9renci\u00e9e des autres associations. En plus de ces esp\u00e8ces fr\u00e9quentes, elle poss\u00e8de donc une composition floristique singuli\u00e8re et, en particulier, un groupe d\u2019esp\u00e8ces qui n\u2019est pr\u00e9sente dans aucune autre association de l\u2019alliance (-ion) \u00e0 laquelle elle appartient.<\/p>\n\n\n\n<p>Remarque : un \u00ab groupement \u00bb est un syntaxon de m\u00eame valeur que l\u2019association, mais qui n\u2019a pas encore fait l\u2019objet d\u2019une diagnose publi\u00e9e.<\/p>\n\n\n\n<h1 class=\"wp-block-heading\">Association retenue de l\u2019habitat observ\u00e9 et partiellement d\u00e9crit<\/h1>\n\n\n\n<p>Il s\u2019agit probablement du <strong>cf. <em>Littorello unflorae &#8211; Baldellietum ranuculoidis<\/em><\/strong> ; correspondant \u00e0 une v\u00e9g\u00e9tation neutrocline, oligom\u00e9sotrophile de bord de mare ou \u00e9tang sur tourbe ou argiles ; ce syntaxon est de tonalit\u00e9 nord-atlantique.<\/p>\n\n\n\n<figure class=\"wp-block-image size-large\"><img loading=\"lazy\" decoding=\"async\" width=\"1024\" height=\"681\" src=\"https:\/\/ecosystema.fr\/wp-content\/uploads\/2022\/09\/31082022_glb6838-1-1024x681.jpg\" alt=\"\" class=\"wp-image-2692\" srcset=\"https:\/\/ecosystema.fr\/wp-content\/uploads\/2022\/09\/31082022_glb6838-1-1024x681.jpg 1024w, https:\/\/ecosystema.fr\/wp-content\/uploads\/2022\/09\/31082022_glb6838-1-300x200.jpg 300w, https:\/\/ecosystema.fr\/wp-content\/uploads\/2022\/09\/31082022_glb6838-1-768x511.jpg 768w, https:\/\/ecosystema.fr\/wp-content\/uploads\/2022\/09\/31082022_glb6838-1-1536x1022.jpg 1536w, https:\/\/ecosystema.fr\/wp-content\/uploads\/2022\/09\/31082022_glb6838-1-2048x1363.jpg 2048w, https:\/\/ecosystema.fr\/wp-content\/uploads\/2022\/09\/31082022_glb6838-1-809x538.jpg 809w\" sizes=\"auto, (max-width: 1024px) 100vw, 1024px\" \/><figcaption class=\"wp-element-caption\">Tr\u00e8s belle formation de la population<\/figcaption><\/figure>\n\n\n\n<figure class=\"wp-block-gallery has-nested-images columns-default is-cropped wp-block-gallery-5 is-layout-flex wp-block-gallery-is-layout-flex\">\n<figure class=\"wp-block-image\"><img loading=\"lazy\" decoding=\"async\" width=\"1024\" height=\"681\" data-id=\"2669\" src=\"https:\/\/ecosystema.fr\/wp-content\/uploads\/2022\/09\/31082022_glb6836-1024x681.jpg\" alt=\"\" class=\"wp-image-2669\" srcset=\"https:\/\/ecosystema.fr\/wp-content\/uploads\/2022\/09\/31082022_glb6836-1024x681.jpg 1024w, https:\/\/ecosystema.fr\/wp-content\/uploads\/2022\/09\/31082022_glb6836-300x200.jpg 300w, https:\/\/ecosystema.fr\/wp-content\/uploads\/2022\/09\/31082022_glb6836-768x511.jpg 768w, https:\/\/ecosystema.fr\/wp-content\/uploads\/2022\/09\/31082022_glb6836-1536x1022.jpg 1536w, https:\/\/ecosystema.fr\/wp-content\/uploads\/2022\/09\/31082022_glb6836-2048x1362.jpg 2048w, https:\/\/ecosystema.fr\/wp-content\/uploads\/2022\/09\/31082022_glb6836-809x538.jpg 809w\" sizes=\"auto, (max-width: 1024px) 100vw, 1024px\" \/><\/figure>\n\n\n\n<figure class=\"wp-block-image\"><img loading=\"lazy\" decoding=\"async\" width=\"1024\" height=\"681\" data-id=\"2671\" src=\"https:\/\/ecosystema.fr\/wp-content\/uploads\/2022\/09\/31082022_glb6841-1024x681.jpg\" alt=\"\" class=\"wp-image-2671\" srcset=\"https:\/\/ecosystema.fr\/wp-content\/uploads\/2022\/09\/31082022_glb6841-1024x681.jpg 1024w, https:\/\/ecosystema.fr\/wp-content\/uploads\/2022\/09\/31082022_glb6841-300x200.jpg 300w, https:\/\/ecosystema.fr\/wp-content\/uploads\/2022\/09\/31082022_glb6841-768x511.jpg 768w, https:\/\/ecosystema.fr\/wp-content\/uploads\/2022\/09\/31082022_glb6841-1536x1022.jpg 1536w, https:\/\/ecosystema.fr\/wp-content\/uploads\/2022\/09\/31082022_glb6841-2048x1363.jpg 2048w, https:\/\/ecosystema.fr\/wp-content\/uploads\/2022\/09\/31082022_glb6841-809x538.jpg 809w\" sizes=\"auto, (max-width: 1024px) 100vw, 1024px\" \/><\/figure>\n\n\n\n<figure class=\"wp-block-image\"><img loading=\"lazy\" decoding=\"async\" width=\"1024\" height=\"681\" data-id=\"2670\" src=\"https:\/\/ecosystema.fr\/wp-content\/uploads\/2022\/09\/31082022_glb6857-1024x681.jpg\" alt=\"\" class=\"wp-image-2670\" srcset=\"https:\/\/ecosystema.fr\/wp-content\/uploads\/2022\/09\/31082022_glb6857-1024x681.jpg 1024w, https:\/\/ecosystema.fr\/wp-content\/uploads\/2022\/09\/31082022_glb6857-300x200.jpg 300w, https:\/\/ecosystema.fr\/wp-content\/uploads\/2022\/09\/31082022_glb6857-768x511.jpg 768w, https:\/\/ecosystema.fr\/wp-content\/uploads\/2022\/09\/31082022_glb6857-1536x1022.jpg 1536w, https:\/\/ecosystema.fr\/wp-content\/uploads\/2022\/09\/31082022_glb6857-2048x1363.jpg 2048w, https:\/\/ecosystema.fr\/wp-content\/uploads\/2022\/09\/31082022_glb6857-809x538.jpg 809w\" sizes=\"auto, (max-width: 1024px) 100vw, 1024px\" \/><\/figure>\n<figcaption class=\"blocks-gallery-caption wp-element-caption\">cf. <strong><em>Littorello unflorae &#8211; Baldellietum ranuculoidis<\/em><\/strong><\/figcaption><\/figure>\n\n\n\n<hr class=\"wp-block-separator has-alpha-channel-opacity\"\/>\n\n\n\n<p>Sources bibliographiques :<\/p>\n\n\n\n<ul class=\"wp-block-list\">\n<li>Atlas floristique de Bretagne &#8211; La flore du Finist\u00e8re &#8211; QUERE E., MAGNANON S., RAGOT R., GAGER L. &amp; HARDY F. (2008)<\/li>\n\n\n\n<li>Comparative plant ecology &#8211; A functional approach to common British species &#8211; GRIME J.P. et al. (1996)<\/li>\n\n\n\n<li>Fiches pratiques pour la conservation &#8211; Plantes \u00e0 fleurs et foug\u00e8res &#8211; KASERMANN C. &amp; al. (1999)<\/li>\n\n\n\n<li>Flora Vegetativa &#8211; Un guide pour d\u00e9terminer les plantes de Suisse \u00e0 l&rsquo;\u00e9tat v\u00e9g\u00e9tatif &#8211; EGGENBERG S. &amp; M\u00d6HL A. (2008)<\/li>\n\n\n\n<li>Flore vasculaire du Nord de la France : synth\u00e8se taxonomique &#8211; MERCIER D. (2003)<\/li>\n\n\n\n<li>Flore vasculaire de Basse-Normandie &#8211; Tome 2 &#8211; Renseignements et commentaires sur les esp\u00e8ces &#8211; PROVOST M. (1998)<\/li>\n\n\n\n<li>Florule du Finist\u00e8re &#8211; CROUAN P.L. &amp; C. H.M. (1867)<\/li>\n\n\n\n<li>Guide Delachaux des fleurs de France et d\u2019Europe &#8211; STREETER D., HART-DAVID C., HARDCASTEL A., COLE F. &amp; HAPPER L. (2017)<\/li>\n\n\n\n<li>Nouvelle flore de la Belgique, du Grand-Duch\u00e9 de Luxembourg, du Nord de la France et des R\u00e9gions voisines &#8211; LAMBINON J., DELVOSALLE L. &amp; DUVIGNEAUD J. (2004)<\/li>\n\n\n\n<li>Prodrome des v\u00e9g\u00e9tations de France &#8211; BARDAT J., BIORET F., BOTINEAU M., BOULLET V., DELPECH R., G\u00c9HU J.-M., HAURY J., LACOSTE A., RAMEAU J.-C., ROYER J.-M., ROUX G. &amp; TOUFFET J. (2004) et adapt\u00e9 par l\u2019auteur (09\/2022).<\/li>\n\n\n\n<li>Prodromus Europ. Pflanzeng &#8211; DIERSSEN (1972)<\/li>\n\n\n\n<li>The Vegetative Key to the British Flora &#8211; POLAND J. &amp; CLEMENT E. (2009)<\/li>\n\n\n\n<li>The wild flower key &#8211; How to identify wild flowers trees and shrubs in Britain and Ireland &#8211; ROSE F. et O&rsquo;REILLY C. (2006)<br>Iconographie :<\/li>\n\n\n\n<li>Exkursionsflora von Deutschland &#8211; ROTHMALER W. (2007)<\/li>\n<\/ul>\n\n\n\n<p>Photographies :<\/p>\n\n\n\n<ul class=\"wp-block-list\">\n<li>Gaby AR BRAZ Dirlem &#8211; Nikon D700 &#8211; Ecosystema.fr \u2122 \u00a9 &#8211; 2022<\/li>\n\n\n\n<li>Gaby AR BRAZ Dirlem &#8211; Fuji Velvia 50 ISO &#8211; Ecosystema.fr \u2122 \u00a9 &#8211; 1995<\/li>\n<\/ul>\n\n\n\n<p><strong>CC<\/strong> BY-NC-ND<\/p>\n","protected":false},"excerpt":{"rendered":"<p>C\u2019est lors d\u2019un bivouac itin\u00e9rant dans les monts d\u2019Arr\u00e9e, en la commune de Brennilis, que j\u2019ai observ\u00e9 en p\u00e9riph\u00e9rie de la R\u00e9serve Naturelle une belle formation v\u00e9g\u00e9tale, que je m\u2019appr\u00eate \u00e0 vous d\u00e9voiler. Mais d\u00e9j\u00e0 sur les photos, vous pouvez remarquer sa physionomie particuli\u00e8re, formant un beau \u00ab gazon \u00bb vert sur une superficie notable,&hellip;<\/p>\n","protected":false},"author":1,"featured_media":2688,"comment_status":"open","ping_status":"open","sticky":false,"template":"","format":"standard","meta":{"footnotes":""},"categories":[34,5,9,10,19,20,23,26,28,29,30],"tags":[39,45,49,60,62,113,87,116,109],"class_list":["post-2685","post","type-post","status-publish","format-standard","has-post-thumbnail","hentry","category-bivouac-naturaliste","category-bretagne","category-ecologie","category-environnementalisme","category-flore","category-flore-habitats","category-geologie","category-massif-armoricain","category-photographie","category-phytosociologie","category-prairies-et-bas-marais-tourbeux","tag-acide","tag-bivouacs","tag-bretagne","tag-determination","tag-ecologie","tag-massif-armoricain","tag-naturalisme","tag-oligotrophe","tag-zones-humides"],"jetpack_featured_media_url":"https:\/\/ecosystema.fr\/wp-content\/uploads\/2022\/09\/31082022_glb6866-2-scaled.jpg","_links":{"self":[{"href":"https:\/\/ecosystema.fr\/index.php\/wp-json\/wp\/v2\/posts\/2685","targetHints":{"allow":["GET"]}}],"collection":[{"href":"https:\/\/ecosystema.fr\/index.php\/wp-json\/wp\/v2\/posts"}],"about":[{"href":"https:\/\/ecosystema.fr\/index.php\/wp-json\/wp\/v2\/types\/post"}],"author":[{"embeddable":true,"href":"https:\/\/ecosystema.fr\/index.php\/wp-json\/wp\/v2\/users\/1"}],"replies":[{"embeddable":true,"href":"https:\/\/ecosystema.fr\/index.php\/wp-json\/wp\/v2\/comments?post=2685"}],"version-history":[{"count":6,"href":"https:\/\/ecosystema.fr\/index.php\/wp-json\/wp\/v2\/posts\/2685\/revisions"}],"predecessor-version":[{"id":3515,"href":"https:\/\/ecosystema.fr\/index.php\/wp-json\/wp\/v2\/posts\/2685\/revisions\/3515"}],"wp:featuredmedia":[{"embeddable":true,"href":"https:\/\/ecosystema.fr\/index.php\/wp-json\/wp\/v2\/media\/2688"}],"wp:attachment":[{"href":"https:\/\/ecosystema.fr\/index.php\/wp-json\/wp\/v2\/media?parent=2685"}],"wp:term":[{"taxonomy":"category","embeddable":true,"href":"https:\/\/ecosystema.fr\/index.php\/wp-json\/wp\/v2\/categories?post=2685"},{"taxonomy":"post_tag","embeddable":true,"href":"https:\/\/ecosystema.fr\/index.php\/wp-json\/wp\/v2\/tags?post=2685"}],"curies":[{"name":"wp","href":"https:\/\/api.w.org\/{rel}","templated":true}]}}