{"id":1905,"date":"2007-09-25T06:10:26","date_gmt":"2007-09-25T05:10:26","guid":{"rendered":"https:\/\/ecosystemadotpro.wordpress.com\/?p=1905"},"modified":"2023-06-29T15:32:38","modified_gmt":"2023-06-29T13:32:38","slug":"9-77-ile-de-batz","status":"publish","type":"post","link":"https:\/\/ecosystema.fr\/index.php\/2007\/09\/25\/9-77-ile-de-batz\/","title":{"rendered":"\u00ab Projet 77 \u00bb 9\/77 &#8211; ILE DE BATZ"},"content":{"rendered":"<div class=\"wp-block-image\">\n<figure class=\"aligncenter\"><img loading=\"lazy\" decoding=\"async\" width=\"600\" height=\"600\" src=\"https:\/\/ecosystemadotpro.files.wordpress.com\/2019\/07\/cartefinisteresitesnature.001.jpeg\" alt=\"CarteFinistereSitesNature.001\" class=\"wp-image-1925\" srcset=\"https:\/\/ecosystema.fr\/wp-content\/uploads\/2019\/07\/cartefinisteresitesnature.001.jpeg 600w, https:\/\/ecosystema.fr\/wp-content\/uploads\/2019\/07\/cartefinisteresitesnature.001-300x300.jpeg 300w, https:\/\/ecosystema.fr\/wp-content\/uploads\/2019\/07\/cartefinisteresitesnature.001-150x150.jpeg 150w\" sizes=\"auto, (max-width: 600px) 100vw, 600px\" \/><\/figure>\n<\/div>\n\n\n<p>L\u2019ile de Batz se trouve \u00e0 2 kms de Roscof et est accessible depuis le port en bateau (3,5 km par 1,5 km). Un sentier p\u00e9destre en fait le tour. Le micro climat permet une v\u00e9g\u00e9tation exotique sur la partie sud (Jardin G. Delaselle, visites guid\u00e9es en saison), alors que l\u2019est, surplombant la Gr\u00e8ve Blanche, se compose de dunes \u00e0 la v\u00e9g\u00e9tation qui varie avec les saisons (Arm\u00e9rie, chardon bleu, lagure, etc.). On note la pr\u00e9sence de nombreuses esp\u00e8ces d\u2019oiseaux.<\/p>\n\n\n\n<p>Au nord, le paysage agricole de cultures l\u00e9gumi\u00e8res contraste avec la violence de la mer. Le sentier conduit jusqu\u2019au Trou du Serpent (Tord ar Sarpant) \u00e0 l\u2019ouest, o\u00f9 selon la l\u00e9gende Paul Aur\u00e9lien terrassa le dragon.<\/p>\n\n\n\n<p>C\u00f4t\u00e9 mer, plus de 500 esp\u00e8ces d\u2019algues diff\u00e9rentes peuvent \u00eatre inventori\u00e9es.<\/p>\n\n\n\n<hr class=\"wp-block-separator has-alpha-channel-opacity\"\/>\n\n\n<div class=\"wp-block-image\">\n<figure class=\"aligncenter\"><img loading=\"lazy\" decoding=\"async\" width=\"600\" height=\"450\" src=\"https:\/\/ecosystemadotpro.files.wordpress.com\/2019\/07\/ecosystema_gabydirlem_0011.jpg\" alt=\"ECOSYSTEMA_GabyDirlem_0011\" class=\"wp-image-1924\" srcset=\"https:\/\/ecosystema.fr\/wp-content\/uploads\/2019\/07\/ecosystema_gabydirlem_0011.jpg 600w, https:\/\/ecosystema.fr\/wp-content\/uploads\/2019\/07\/ecosystema_gabydirlem_0011-300x225.jpg 300w\" sizes=\"auto, (max-width: 600px) 100vw, 600px\" \/><\/figure>\n<\/div>\n\n\n<hr class=\"wp-block-separator has-alpha-channel-opacity\"\/>\n\n\n\n<p>L&rsquo;<b>\u00eele de Batz<\/b>, petite \u00eele accueillante, ancr\u00e9e \u00e0 seulement 2 milles au large de Roscoff, sur la c\u00f4te nord du Finist\u00e8re. Ce petit paradis long de 3,5 km et large de 1,5 km est l\u2019\u00eele de la douceur de vivre.<\/p>\n\n\n\n<p>Son climat doux et oc\u00e9anique favorise une culture mara\u00eech\u00e8re diversifi\u00e9e et de qualit\u00e9.<\/p>\n\n\n\n<figure class=\"wp-block-gallery has-nested-images columns-3 is-cropped wp-block-gallery-1 is-layout-flex wp-block-gallery-is-layout-flex\">\n<figure class=\"wp-block-image size-large\"><img loading=\"lazy\" decoding=\"async\" width=\"600\" height=\"450\" data-id=\"1908\" src=\"https:\/\/ecosystema.fr\/wp-content\/uploads\/2019\/07\/ecosystema_gabydirlem_0007.jpg\" alt=\"\" class=\"wp-image-1908\" srcset=\"https:\/\/ecosystema.fr\/wp-content\/uploads\/2019\/07\/ecosystema_gabydirlem_0007.jpg 600w, https:\/\/ecosystema.fr\/wp-content\/uploads\/2019\/07\/ecosystema_gabydirlem_0007-300x225.jpg 300w\" sizes=\"auto, (max-width: 600px) 100vw, 600px\" \/><\/figure>\n\n\n\n<figure class=\"wp-block-image size-large\"><img loading=\"lazy\" decoding=\"async\" width=\"600\" height=\"450\" data-id=\"1909\" src=\"https:\/\/ecosystema.fr\/wp-content\/uploads\/2019\/07\/ecosystema_gabydirlem_0010.jpg\" alt=\"\" class=\"wp-image-1909\" srcset=\"https:\/\/ecosystema.fr\/wp-content\/uploads\/2019\/07\/ecosystema_gabydirlem_0010.jpg 600w, https:\/\/ecosystema.fr\/wp-content\/uploads\/2019\/07\/ecosystema_gabydirlem_0010-300x225.jpg 300w\" sizes=\"auto, (max-width: 600px) 100vw, 600px\" \/><\/figure>\n<\/figure>\n\n\n\n<p>Une \u00eele reconnue pour son microclimat favorable ; partout, agapanthes (<i>Agapanthus sp.<\/i>), agaves (<i>Agave sp.<\/i>) et palmiers (Famille des <i>Arecaceae<\/i>) disent que vous \u00eates ailleurs.<\/p>\n\n\n\n<p>Notez que l\u2019Agapanthe (<i>Agapanthus sp.<\/i>) est spectaculaire par ses hampes florales de plus d&rsquo;un m\u00e8tre jaillissant de la touffe en juillet. Elles se terminent par une inflorescence en boule de plus de 20 cm de diam\u00e8tre et aux multiples fleurs bleues ou blanches. Ici gr\u00e2ce au climat doux, inutile au retour de l&rsquo;hiver, de retirerez les pots pour les mettre \u00e0 l&rsquo;abri.<\/p>\n\n\n\n<figure class=\"wp-block-gallery has-nested-images columns-3 is-cropped wp-block-gallery-2 is-layout-flex wp-block-gallery-is-layout-flex\">\n<figure class=\"wp-block-image size-large\"><img loading=\"lazy\" decoding=\"async\" width=\"600\" height=\"450\" data-id=\"1911\" src=\"https:\/\/ecosystema.fr\/wp-content\/uploads\/2019\/07\/ecosystema_gabydirlem_0001.jpg\" alt=\"\" class=\"wp-image-1911\" srcset=\"https:\/\/ecosystema.fr\/wp-content\/uploads\/2019\/07\/ecosystema_gabydirlem_0001.jpg 600w, https:\/\/ecosystema.fr\/wp-content\/uploads\/2019\/07\/ecosystema_gabydirlem_0001-300x225.jpg 300w\" sizes=\"auto, (max-width: 600px) 100vw, 600px\" \/><\/figure>\n\n\n\n<figure class=\"wp-block-image size-large\"><img loading=\"lazy\" decoding=\"async\" width=\"600\" height=\"450\" data-id=\"1912\" src=\"https:\/\/ecosystema.fr\/wp-content\/uploads\/2019\/07\/ecosystema_gabydirlem_0004.jpg\" alt=\"\" class=\"wp-image-1912\" srcset=\"https:\/\/ecosystema.fr\/wp-content\/uploads\/2019\/07\/ecosystema_gabydirlem_0004.jpg 600w, https:\/\/ecosystema.fr\/wp-content\/uploads\/2019\/07\/ecosystema_gabydirlem_0004-300x225.jpg 300w\" sizes=\"auto, (max-width: 600px) 100vw, 600px\" \/><\/figure>\n<\/figure>\n\n\n\n<p>Une agriculture mara\u00eech\u00e8re constante sur l\u2019\u00eele, en effet l&rsquo;\u00eele de Batz est une \u00eele active, o\u00f9 ce type d\u2019agriculture a trouv\u00e9 les qualit\u00e9s climatiques et de sols qui lui permettent de prosp\u00e9rer.<\/p>\n\n\n<div class=\"wp-block-image\">\n<figure class=\"aligncenter\"><img loading=\"lazy\" decoding=\"async\" width=\"600\" height=\"450\" src=\"https:\/\/ecosystemadotpro.files.wordpress.com\/2019\/07\/ecosystema_gabydirlem_0002.jpg\" alt=\"ECOSYSTEMA_GabyDirlem_0002.jpg\" class=\"wp-image-1913\" srcset=\"https:\/\/ecosystema.fr\/wp-content\/uploads\/2019\/07\/ecosystema_gabydirlem_0002.jpg 600w, https:\/\/ecosystema.fr\/wp-content\/uploads\/2019\/07\/ecosystema_gabydirlem_0002-300x225.jpg 300w\" sizes=\"auto, (max-width: 600px) 100vw, 600px\" \/><\/figure>\n<\/div>\n\n\n<p>Amendements naturels ayant des cons\u00e9quences importantes sur la nature du sol et se traduisant par l\u2019apparition de l\u2019association \u00e0 <i>Lagurus ovatus<\/i> et <i>Vulpia membranacea<\/i> (<b><i>Laguro ovati-Vulpietum<span class=\"Apple-converted-space\">&nbsp;<\/span><\/i><\/b><b><i>membranacei<\/i><\/b> et <b><i>Laguro-Bromion rigidi (Laguro-Brometum rigidi)<\/i><\/b>).<\/p>\n\n\n\n<p><b><i>Lagurus ovatus<\/i><\/b> est une Gramin\u00e9e horticole originaire du Bassin m\u00e9diterran\u00e9en (Subm\u00e9diterran\u00e9enne) et de l&rsquo;Am\u00e9rique du Nord (Californie). C&rsquo;est une adventice naturalis\u00e9e assez commune sur le littoral.<span class=\"Apple-converted-space\">&nbsp;<\/span><\/p>\n\n\n\n<p>Son inflorescence est une panicule spiciforme tr\u00e8s dense, longue de 1 \u00e0 4 cm, ovo\u00efde, d\u2019un blanc soyeux ; \u00e9pillets subsessiles, longs de 8 mm environ, \u00e0 1 fleur fertile ; glumes \u00e9gales, \u00e9troites et nettement plus longues que la fleur, termin\u00e9es en ar\u00eate plumeuse ; glumelles membraneuses, la lemme \u00e0 2 ar\u00eates terminales et 1 ar\u00eate dorsale genouill\u00e9e tr\u00e8s longue, la pal\u00e9ole plus courte, bicar\u00e9n\u00e9e.<\/p>\n\n\n\n<p>Cette esp\u00e8ce fleurie du VI au VII, c&rsquo;est une esp\u00e8ce <strong>pionni\u00e8re,<span class=\"Apple-converted-space\">&nbsp;<\/span>psammophile, thermophile et nitrophile.<\/strong><\/p>\n\n\n<div class=\"wp-block-image\">\n<figure class=\"aligncenter\"><img loading=\"lazy\" decoding=\"async\" width=\"600\" height=\"450\" src=\"https:\/\/ecosystemadotpro.files.wordpress.com\/2019\/07\/ecosystema_gabydirlem_0005-1.jpg\" alt=\"ECOSYSTEMA_GabyDirlem_0005\" class=\"wp-image-1915\" srcset=\"https:\/\/ecosystema.fr\/wp-content\/uploads\/2019\/07\/ecosystema_gabydirlem_0005-1.jpg 600w, https:\/\/ecosystema.fr\/wp-content\/uploads\/2019\/07\/ecosystema_gabydirlem_0005-1-300x225.jpg 300w\" sizes=\"auto, (max-width: 600px) 100vw, 600px\" \/><\/figure>\n<\/div>\n\n\n<p>Une pression importante de l&rsquo;activit\u00e9 agricole sur le littoral de l\u2019\u00eele ; une cohabitation n\u00e9cessaire entre agriculture et tourisme. Les quelques espaces naturels sont des espaces reliques de landes et de dunes trop expos\u00e9es et donc fragiles.<\/p>\n\n\n<div class=\"wp-block-image\">\n<figure class=\"alignleft\"><img loading=\"lazy\" decoding=\"async\" width=\"600\" height=\"450\" src=\"https:\/\/ecosystemadotpro.files.wordpress.com\/2019\/07\/ecosystema_gabydirlem_0006.jpg\" alt=\"ECOSYSTEMA_GabyDirlem_0006.jpg\" class=\"wp-image-1917\" srcset=\"https:\/\/ecosystema.fr\/wp-content\/uploads\/2019\/07\/ecosystema_gabydirlem_0006.jpg 600w, https:\/\/ecosystema.fr\/wp-content\/uploads\/2019\/07\/ecosystema_gabydirlem_0006-300x225.jpg 300w\" sizes=\"auto, (max-width: 600px) 100vw, 600px\" \/><\/figure>\n<\/div>\n\n\n<p>Une flore toutefois, relativement int\u00e9ressante comme cette <b><i>Asplenium adiantum nigrum<\/i><\/b>.<\/p>\n\n\n\n<p>Cette petite foug\u00e8re pousse commun\u00e9ment dans les bois clairs, les haies ou les rocailles, ou aussi sur les murs (comme ici), dans les r\u00e9gions o\u00f9 l&rsquo;hiver n&rsquo;est pas trop rigoureux.<\/p>\n\n\n\n<p>Les frondes (les feuilles) sont d&rsquo;un beau vert sombre brillant. Leur forme g\u00e9n\u00e9rale est triangulaire et elles mesurent de 10 \u00e0 25 cm de long.<\/p>\n\n\n\n<p>Le p\u00e9tiole de grande dimension, est (g\u00e9n\u00e9ralement) noir\u00e2tre ; le rachis (l&rsquo;axe de la feuille) l&rsquo;est \u00e9galement, du moins sur sa face inf\u00e9rieure.<\/p>\n\n\n<div class=\"wp-block-image\">\n<figure class=\"alignright\"><img loading=\"lazy\" decoding=\"async\" width=\"600\" height=\"450\" src=\"https:\/\/ecosystemadotpro.files.wordpress.com\/2019\/07\/ecosystema_gabydirlem_0013.jpg\" alt=\"ECOSYSTEMA_GabyDirlem_0013\" class=\"wp-image-1918\" srcset=\"https:\/\/ecosystema.fr\/wp-content\/uploads\/2019\/07\/ecosystema_gabydirlem_0013.jpg 600w, https:\/\/ecosystema.fr\/wp-content\/uploads\/2019\/07\/ecosystema_gabydirlem_0013-300x225.jpg 300w\" sizes=\"auto, (max-width: 600px) 100vw, 600px\" \/><\/figure>\n<\/div>\n\n\n<p>Et <b><i>Eryngium maritimum<\/i><\/b> qui est une plante herbac\u00e9e de la famille des Apiac\u00e9es.<\/p>\n\n\n\n<p>C&rsquo;est une plante vivace verte bleut\u00e9e aux feuilles coriaces, \u00e9pineuses, aux fleurs bleues en capitules arrondis. On le rencontre en taches parfois importantes dans les dunes et zones de galets du littoral, mais c&rsquo;est plut\u00f4t une plante \u00ab\u00a0caract\u00e9ristique\u00a0\u00bb des dunes blanche.<\/p>\n\n\n\n<p><b>Esp\u00e8ce prot\u00e9g\u00e9e en Bretagne<\/b>. Sa fleur a \u00e9t\u00e9 choisie pour l&#8217;embl\u00e8me du Conservatoire de l&rsquo;Espace Littoral et des Rivages Lacustres<\/p>\n\n\n\n<p>Mais aussi&#8230;<\/p>\n\n\n\n<p><b><i>Carpobrotus edulis<\/i><\/b> est une plante grasse de la famille des <i>A\u00efzoaceae<\/i>. Originaire d&rsquo;Afrique du Sud, elle fut import\u00e9e en Am\u00e9rique et en Europe au d\u00e9but du XXe si\u00e8cle pour l&rsquo;ornement et pour la stabilisation des sols.<\/p>\n\n\n\n<p>Cette plante pousse sur les sols sableux, souvent sur les dunes littorales. En Europe, on la trouve sur tout le littoral atlantique et m\u00e9diterran\u00e9en.<\/p>\n\n\n\n<p>En certains endroits, elle s&rsquo;\u00e9chappe des jardins et peut devenir une <b>plante invasive<\/b>. Elle peut couvrir des surfaces consid\u00e9rables et constituer une menace pour la biodiversit\u00e9.<\/p>\n\n\n<div class=\"wp-block-image\">\n<figure class=\"aligncenter\"><img loading=\"lazy\" decoding=\"async\" width=\"600\" height=\"450\" src=\"https:\/\/ecosystemadotpro.files.wordpress.com\/2019\/07\/ecosystema_gabydirlem_0012.jpg\" alt=\"ECOSYSTEMA_GabyDirlem_0012\" class=\"wp-image-1920\" srcset=\"https:\/\/ecosystema.fr\/wp-content\/uploads\/2019\/07\/ecosystema_gabydirlem_0012.jpg 600w, https:\/\/ecosystema.fr\/wp-content\/uploads\/2019\/07\/ecosystema_gabydirlem_0012-300x225.jpg 300w\" sizes=\"auto, (max-width: 600px) 100vw, 600px\" \/><\/figure>\n<\/div>\n\n\n<p>Une pression importante de l&rsquo;activit\u00e9 agricole sur le littoral de l\u2019\u00eele ; une cohabitation n\u00e9cessaire entre agriculture et tourisme. Les quelques espaces naturels sont des espaces reliques de landes et de dunes trop expos\u00e9es et donc fragiles.<\/p>\n\n\n\n<p>En certains endroits, elle s&rsquo;\u00e9chappe des jardins et peut devenir une <b>plante invasive<\/b>. Elle peut couvrir des surfaces consid\u00e9rables et constituer une menace pour la biodiversit\u00e9.<\/p>\n\n\n<div class=\"wp-block-image\">\n<figure class=\"aligncenter\"><img loading=\"lazy\" decoding=\"async\" width=\"600\" height=\"450\" src=\"https:\/\/ecosystemadotpro.files.wordpress.com\/2019\/07\/ecosystema_gabydirlem_0009.jpg\" alt=\"ECOSYSTEMA_GabyDirlem_0009\" class=\"wp-image-1921\" srcset=\"https:\/\/ecosystema.fr\/wp-content\/uploads\/2019\/07\/ecosystema_gabydirlem_0009.jpg 600w, https:\/\/ecosystema.fr\/wp-content\/uploads\/2019\/07\/ecosystema_gabydirlem_0009-300x225.jpg 300w\" sizes=\"auto, (max-width: 600px) 100vw, 600px\" \/><\/figure>\n<\/div>\n\n\n<p>Nous quittons Batz sur l\u2019Adhara &#8230;<\/p>\n\n\n<div class=\"wp-block-image\">\n<figure class=\"aligncenter\"><img loading=\"lazy\" decoding=\"async\" width=\"600\" height=\"450\" src=\"https:\/\/ecosystemadotpro.files.wordpress.com\/2019\/07\/ecosystema_gabydirlem_0008.jpg\" alt=\"ECOSYSTEMA_GabyDirlem_0008\" class=\"wp-image-1922\" srcset=\"https:\/\/ecosystema.fr\/wp-content\/uploads\/2019\/07\/ecosystema_gabydirlem_0008.jpg 600w, https:\/\/ecosystema.fr\/wp-content\/uploads\/2019\/07\/ecosystema_gabydirlem_0008-300x225.jpg 300w\" sizes=\"auto, (max-width: 600px) 100vw, 600px\" \/><\/figure>\n<\/div>\n\n\n<p>&#8230; avec mon coll\u00e8gue de travail Yves, dans la douce lumi\u00e8re de septembre.<\/p>\n\n\n\n<p>Finalement, si l\u2019\u00eele de Batz n\u2019a rien de sauvage, ses petites ruelles, ses jardins aux mille couleurs, procurent \u00e0 celle-ci un certain charme, o\u00f9, toutefois, le naturaliste ne s\u2019y retrouve pas compl\u00e8tement. Mais sachons profiter d\u2019une autre forme de tourisme, ou la part humaine est pr\u00e9pond\u00e9rante&#8230;<\/p>\n\n\n\n<hr class=\"wp-block-separator has-alpha-channel-opacity\"\/>\n\n\n\n<p>Sources :<\/p>\n\n\n\n<ul class=\"wp-block-list\">\n<li><span style=\"color: #000000;\"><a style=\"color: #000000;\" href=\"http:\/\/www.iledebatz.com\">http:\/\/www.iledebatz.com<\/a>\/<\/span><\/li>\n\n\n\n<li><span style=\"color: #000000;\"><a style=\"color: #000000;\" href=\"http:\/\/fr.wikipedia.org\">http:\/\/fr.wikipedia.org<\/a><\/span><\/li>\n\n\n\n<li><span style=\"color: #000000;\"><a style=\"color: #000000;\" href=\"http:\/\/www.conservatoire-du-littoral.fr\">http:\/\/www.conservatoire-du-littoral.fr<\/a><\/span><\/li>\n<\/ul>\n\n\n\n<p><strong>CC<\/strong> BY-NC-ND<\/p>\n","protected":false},"excerpt":{"rendered":"<p>L&rsquo;\u00eele de Batz, petite \u00eele accueillante, ancr\u00e9e \u00e0 seulement 2 milles au large de Roscoff, sur la c\u00f4te nord du Finist\u00e8re. Ce petit paradis long de 3,5 km et large de 1,5 km est l\u2019\u00eele de la douceur de vivre.<\/p>\n","protected":false},"author":1,"featured_media":1904,"comment_status":"closed","ping_status":"open","sticky":false,"template":"","format":"standard","meta":{"footnotes":""},"categories":[5,9,19,20,25,36,32],"tags":[39,123,49,87],"class_list":["post-1905","post","type-post","status-publish","format-standard","has-post-thumbnail","hentry","category-bretagne","category-ecologie","category-flore","category-flore-habitats","category-landes-pelouses-mares-et-forets-sur-sols-acides","category-randonnee","category-voyage","tag-acide","tag-batz","tag-bretagne","tag-naturalisme"],"jetpack_featured_media_url":"https:\/\/ecosystema.fr\/wp-content\/uploads\/2019\/07\/ecosystema_gabydirlem_0005.jpg","_links":{"self":[{"href":"https:\/\/ecosystema.fr\/index.php\/wp-json\/wp\/v2\/posts\/1905","targetHints":{"allow":["GET"]}}],"collection":[{"href":"https:\/\/ecosystema.fr\/index.php\/wp-json\/wp\/v2\/posts"}],"about":[{"href":"https:\/\/ecosystema.fr\/index.php\/wp-json\/wp\/v2\/types\/post"}],"author":[{"embeddable":true,"href":"https:\/\/ecosystema.fr\/index.php\/wp-json\/wp\/v2\/users\/1"}],"replies":[{"embeddable":true,"href":"https:\/\/ecosystema.fr\/index.php\/wp-json\/wp\/v2\/comments?post=1905"}],"version-history":[{"count":5,"href":"https:\/\/ecosystema.fr\/index.php\/wp-json\/wp\/v2\/posts\/1905\/revisions"}],"predecessor-version":[{"id":3449,"href":"https:\/\/ecosystema.fr\/index.php\/wp-json\/wp\/v2\/posts\/1905\/revisions\/3449"}],"wp:featuredmedia":[{"embeddable":true,"href":"https:\/\/ecosystema.fr\/index.php\/wp-json\/wp\/v2\/media\/1904"}],"wp:attachment":[{"href":"https:\/\/ecosystema.fr\/index.php\/wp-json\/wp\/v2\/media?parent=1905"}],"wp:term":[{"taxonomy":"category","embeddable":true,"href":"https:\/\/ecosystema.fr\/index.php\/wp-json\/wp\/v2\/categories?post=1905"},{"taxonomy":"post_tag","embeddable":true,"href":"https:\/\/ecosystema.fr\/index.php\/wp-json\/wp\/v2\/tags?post=1905"}],"curies":[{"name":"wp","href":"https:\/\/api.w.org\/{rel}","templated":true}]}}