{"id":1637,"date":"2019-12-24T10:18:00","date_gmt":"2019-12-24T09:18:00","guid":{"rendered":"https:\/\/ecosystemadotpro.wordpress.com\/?p=1637"},"modified":"2023-06-29T16:49:54","modified_gmt":"2023-06-29T14:49:54","slug":"le-guide-des-vegetations-des-zones-humides-de-la-region-nord-pas-de-calais","status":"publish","type":"post","link":"https:\/\/ecosystema.fr\/index.php\/2019\/12\/24\/le-guide-des-vegetations-des-zones-humides-de-la-region-nord-pas-de-calais\/","title":{"rendered":"Le Guide des v\u00e9g\u00e9tations des Zones Humides de la R\u00c9GION NORD-PAS DE CALAIS"},"content":{"rendered":"<p style=\"text-align: justify;\">Enfin un ouvrage <strong>phytosociologique<\/strong> digne de ce nom !<\/p>\n<blockquote>\n<p style=\"text-align: justify;\">Dont la cheville ouvri\u00e8re principale a \u00e9t\u00e9 Emanuel CATTEAUX, un ancien coll\u00e8gue de travail.<\/p>\n<\/blockquote>\n<p style=\"text-align: justify;\">Voici l\u2019ouvrage en quelques mots :<\/p>\n<ul style=\"text-align: justify;\">\n<li>Plus de <strong>250 associations<\/strong> et groupements v\u00e9g\u00e9taux pr\u00e9sent\u00e9s,<\/li>\n<li>dont 177 sous forme de <strong>fiches descriptives<\/strong>, souvent illustr\u00e9es ;<\/li>\n<li>de nombreuses informations sur chaque v\u00e9g\u00e9tation : composition floristique, \u00e9cologie, r\u00e9partition, int\u00e9r\u00eat patrimonial, gestion adapt\u00e9e \u00e0 leur conservation, etc. ;<\/li>\n<li>mais \u00e9galement une <strong>description du Nord-Pas de Calais et de ses zones humides<\/strong>, des cl\u00e9s de d\u00e9termination, des fiches d\u00e9taillant les principales modalit\u00e9s de gestion conservatoire, un glossaire.<\/li>\n<\/ul>\n<p style=\"text-align: justify;\">La phytosociologie au rang de science ? ^^<\/p>\n<p>Bonne lecture !<\/p>\n<hr \/>\n<p>Source : <a href=\"http:\/\/www.amazon.fr\">www.cbnbl.org<\/a><\/p>\n\n\n<p><strong>CC<\/strong> BY-NC-ND<\/p>\n","protected":false},"excerpt":{"rendered":"<p>Enfin un ouvrage phytosociologique digne de ce nom ! Dont la cheville ouvri\u00e8re principale a \u00e9t\u00e9 Emanuel CATTEAUX, un ancien coll\u00e8gue de travail. Voici l\u2019ouvrage en quelques mots : Plus de 250 associations et groupements v\u00e9g\u00e9taux pr\u00e9sent\u00e9s, dont 177 sous forme de fiches descriptives, souvent illustr\u00e9es ; de nombreuses informations sur chaque v\u00e9g\u00e9tation : composition&hellip;<\/p>\n","protected":false},"author":1,"featured_media":1638,"comment_status":"open","ping_status":"open","sticky":false,"template":"","format":"standard","meta":{"footnotes":""},"categories":[4,29,30,31],"tags":[76,89,109],"class_list":["post-1637","post","type-post","status-publish","format-standard","has-post-thumbnail","hentry","category-bibliographie","category-phytosociologie","category-prairies-et-bas-marais-tourbeux","category-vallees-et-plaines-alluviales-ou-maritimes","tag-habitats","tag-nord-pas-de-calais","tag-zones-humides"],"jetpack_featured_media_url":"https:\/\/ecosystema.fr\/wp-content\/uploads\/2017\/05\/guide_zh_npc_bis.jpg","_links":{"self":[{"href":"https:\/\/ecosystema.fr\/index.php\/wp-json\/wp\/v2\/posts\/1637","targetHints":{"allow":["GET"]}}],"collection":[{"href":"https:\/\/ecosystema.fr\/index.php\/wp-json\/wp\/v2\/posts"}],"about":[{"href":"https:\/\/ecosystema.fr\/index.php\/wp-json\/wp\/v2\/types\/post"}],"author":[{"embeddable":true,"href":"https:\/\/ecosystema.fr\/index.php\/wp-json\/wp\/v2\/users\/1"}],"replies":[{"embeddable":true,"href":"https:\/\/ecosystema.fr\/index.php\/wp-json\/wp\/v2\/comments?post=1637"}],"version-history":[{"count":3,"href":"https:\/\/ecosystema.fr\/index.php\/wp-json\/wp\/v2\/posts\/1637\/revisions"}],"predecessor-version":[{"id":3499,"href":"https:\/\/ecosystema.fr\/index.php\/wp-json\/wp\/v2\/posts\/1637\/revisions\/3499"}],"wp:featuredmedia":[{"embeddable":true,"href":"https:\/\/ecosystema.fr\/index.php\/wp-json\/wp\/v2\/media\/1638"}],"wp:attachment":[{"href":"https:\/\/ecosystema.fr\/index.php\/wp-json\/wp\/v2\/media?parent=1637"}],"wp:term":[{"taxonomy":"category","embeddable":true,"href":"https:\/\/ecosystema.fr\/index.php\/wp-json\/wp\/v2\/categories?post=1637"},{"taxonomy":"post_tag","embeddable":true,"href":"https:\/\/ecosystema.fr\/index.php\/wp-json\/wp\/v2\/tags?post=1637"}],"curies":[{"name":"wp","href":"https:\/\/api.w.org\/{rel}","templated":true}]}}