{"id":1278,"date":"2008-03-23T08:56:47","date_gmt":"2008-03-23T07:56:47","guid":{"rendered":"https:\/\/ecosystemadotpro.wordpress.com\/?p=1278"},"modified":"2023-06-29T15:49:50","modified_gmt":"2023-06-29T13:49:50","slug":"mastocarpus-stellatus-et-ces-3-generations","status":"publish","type":"post","link":"https:\/\/ecosystema.fr\/index.php\/2008\/03\/23\/mastocarpus-stellatus-et-ces-3-generations\/","title":{"rendered":"Mastocarpus stellatus et ces 3 g\u00e9n\u00e9rations&#8230;"},"content":{"rendered":"<div class=\"wp-block-image\">\n<figure class=\"aligncenter\"><img loading=\"lazy\" decoding=\"async\" width=\"1154\" height=\"866\" src=\"https:\/\/ecosystemadotpro.files.wordpress.com\/2008\/03\/gaby_ar_braz_82.jpg\" alt=\"Gaby_AR_BRAZ_82\" class=\"wp-image-1279\"\/><\/figure>\n<\/div>\n\n\n<p><i>Allons \u00e0 la mar\u00e9e&#8230;<\/i><\/p>\n\n\n\n<p>\u00c0 l\u2019initiative du Cercle des Etudiants Naturalistes Brestois (<a href=\"http:\/\/www.univ-brest.fr\/cenb\/\">http:\/\/www.univ-brest.fr\/cenb\/<\/a>), nous sommes all\u00e9s \u00e0 la \u00ab&nbsp;mar\u00e9e&nbsp;\u00bb, pr\u00e8s du port d\u2019Argenton (\u00e0 30 km de Brest).<\/p>\n\n\n\n<p>Parmi les nombreuses esp\u00e8ces d\u2019algues observ\u00e9es, je vous pr\u00e9sente une algue commune et surtout source de confusion ; \u00e0 savoir :<\/p>\n\n\n\n<ul class=\"wp-block-list\">\n<li>une tache de goudron<\/li>\n\n\n\n<li>et aussi du <i>Chondrus crispus <\/i>le \u201cpioka\u201d.<\/li>\n<\/ul>\n\n\n\n<p>Il s\u2019agit de <b><i>Mastocarpus stellatus = Gigartina stellata<\/i><\/b> de la famille des <b><i>Petrocelidaceae<\/i><\/b>.<\/p>\n\n\n\n<p>Cette esp\u00e8ce se reconna\u00eet \u00e0 ses frondes dress\u00e9es de 10 \u00e0 15 cm de haut, cartilagineuse, rouge fonc\u00e9 \u00e0 mauve, en \u00ab&nbsp;touffe&nbsp;\u00bb solidement fix\u00e9e par un disque pouvant atteindre 5 cm de diam\u00e8tre.<\/p>\n\n\n\n<p>\u00c0 noter (par rapport \u00e0 <i>Chondrus crispus<\/i>) l\u2019axe cylindrique \u00e0 sa base, <b>creus\u00e9 en forme de goutti\u00e8re vers le milieu<\/b>, progressivement \u00e9vas\u00e9 en ramifications irr\u00e9guli\u00e8rement dichotomes aplaties aux sommets.<\/p>\n\n\n\n<p>Voici deux photos : l\u2019une correspond au <b>t\u00e9trasporophyte<\/b> (producteur de spores)<b>&nbsp;<\/b> et la deuxi\u00e8me aux <b>gam\u00e9tophytes<\/b> (thalles producteurs de gam\u00e8tes).<\/p>\n\n\n\n<blockquote class=\"wp-block-quote is-layout-flow wp-block-quote-is-layout-flow\">\n<p>Non ! ce n\u2019est pas du p\u00e9trole<\/p>\n<\/blockquote>\n\n\n\n<p><b>T\u00e9trasporophyte<\/b> (producteur de spores)<\/p>\n\n\n\n<figure class=\"wp-block-image\"><img loading=\"lazy\" decoding=\"async\" width=\"1154\" height=\"866\" src=\"https:\/\/ecosystemadotpro.files.wordpress.com\/2008\/03\/gaby_ar_braz_84.jpg\" alt=\"Gaby_AR_BRAZ_84\" class=\"wp-image-1281\"\/><\/figure>\n\n\n\n<p>La pr\u00e9c\u00e9dente photo correspond au <b>t\u00e9trasporophyte<\/b> encro\u00fbtant, appel\u00e9 autrefois \u201c<i>Petrocelis cruenta<\/i>\u201d, formant des rev\u00eatements lisses, \u00e9pais \u00e0 consistance de cuir, e couleur rouge brun fonc\u00e9, qui atteignent quelques d\u00e9cim\u00e8tres carr\u00e9s de surface sur 1 mm d\u2019\u00e9paisseur.<\/p>\n\n\n\n<blockquote class=\"wp-block-quote is-layout-flow wp-block-quote-is-layout-flow\">\n<p>Non ! ce n\u2019est pas du \u201cpioka\u201d<\/p>\n<\/blockquote>\n\n\n\n<p><b>Gam\u00e9tophytes<\/b> (thalles producteurs de gam\u00e8tes<\/p>\n\n\n\n<figure class=\"wp-block-image\"><img loading=\"lazy\" decoding=\"async\" width=\"1154\" height=\"866\" src=\"https:\/\/ecosystemadotpro.files.wordpress.com\/2008\/03\/gaby_ar_braz_83.jpg\" alt=\"Gaby_AR_BRAZ_83\" class=\"wp-image-1280\"\/><\/figure>\n\n\n\n<p>Comme pr\u00e9sent\u00e9s dans la pr\u00e9c\u00e9dente photo, les thalles sont des <b>gam\u00e9tophytes<\/b>, les pieds femelles portent, sur leur surface, des papilles arrondies caract\u00e9ristiques dans lesquelles sont immerg\u00e9s les <b>cystocarpes<\/b>.<\/p>\n\n\n\n<hr class=\"wp-block-separator has-alpha-channel-opacity\"\/>\n\n\n\n<p><b>Biologie<\/b><\/p>\n\n\n\n<p>Le cycle de d\u00e9veloppement qui dure un an comprend la succession de <b>3 g\u00e9n\u00e9rations diff\u00e9rentes <\/b>(cycle trig\u00e9n\u00e9tique).<\/p>\n\n\n\n<p>Les <b>gam\u00e9tophytes<\/b> sont repr\u00e9sent\u00e9s par les thalles m\u00e2les (fournissant les gam\u00e8tes m\u00e2les immobiles ou spermaties) et les thalles femelles semblables (fournissant le gam\u00e8te femelle ou carpogone): cette esp\u00e8ce est dio\u00efque.<\/p>\n\n\n\n<p>Apr\u00e8s f\u00e9condation on observe, en \u00e9t\u00e9, \u00e0 l&rsquo;extr\u00e9mit\u00e9 des lani\u00e8res des gam\u00e9tophytes femelles des verrues qui contiennent les cystocarpes renfermant la deuxi\u00e8me g\u00e9n\u00e9ration (carposporophyte) issue du zygote et qui vit en parasite sur le gam\u00e9tophyte femelle. Ces cystocarpes sont visibles sur la photographie ci-dessus.<\/p>\n\n\n\n<p>Au laboratoire, on a montr\u00e9 que ce carposporophyte fournit des carpospores qui apr\u00e8s germination donneront naissance \u00e0 la <b>troisi\u00e8me g\u00e9n\u00e9ration asexu\u00e9e (t\u00e9trasporophyte)<\/b> connue sous le nom de <b><i>Petrocelis cruenta<\/i><\/b> qui forme un rev\u00eatement encro\u00fbtant, rouge vineux sombre, sur les rochers.<\/p>\n\n\n\n<p>Les t\u00e9traspores issues de t\u00e9trasporocystes sont \u00e0 l&rsquo;origine des gam\u00e9tophytes.<\/p>\n\n\n\n<p>Et ce cycle tig\u00e9n\u00e9tique h\u00e9t\u00e9romorphe (gam\u00e9tophytes et t\u00e9trasporophytes \u00e9tant de morphologie tr\u00e8s diff\u00e9rente) complexe est boucl\u00e9.<\/p>\n\n\n\n<hr class=\"wp-block-separator has-alpha-channel-opacity\"\/>\n\n\n\n<p><b>\u00c9cologie<\/b><\/p>\n\n\n\n<p>Elle se rencontre dans l&rsquo;<b>horizon inf\u00e9rieur de l&rsquo;\u00e9tage m\u00e9diolittoral<\/b> , m\u00eal\u00e9e au <b><i>Chondrus crispus <\/i><\/b>dans les stations battues. D\u00e9couverte \u00e0 mar\u00e9e basse elle supporte la dessiccation et est euryhaline, elle tol\u00e8re les variations de la salinit\u00e9.<\/p>\n\n\n\n<p>Elle est pr\u00e9sente sur les <b>c\u00f4tes nord-est et nord-ouest de l&rsquo;Atlantique<\/b>.<\/p>\n\n\n\n<hr class=\"wp-block-separator has-alpha-channel-opacity\"\/>\n\n\n\n<p><strong>Economie<\/strong><\/p>\n\n\n\n<p>Elle est r\u00e9colt\u00e9e avec <em>Chondrus crispus<\/em> pour la production de carragh\u00e9nanes.<\/p>\n\n\n\n<p>Et encore beaucoup de chose \u00e0 d\u00e9couvrir sur cette esp\u00e8ce&#8230;<\/p>\n\n\n\n<hr class=\"wp-block-separator has-alpha-channel-opacity\"\/>\n\n\n\n<p>Et merci \u00e0 Monsieur <b>LEGALL<\/b>, enseignant chercheur \u00e0 l\u2019UBO, qui nous a fait l\u2019honneur de sa pr\u00e9sence lors de cette sortie naturaliste.<\/p>\n\n\n\n<hr class=\"wp-block-separator has-alpha-channel-opacity\"\/>\n\n\n\n<p>In English (compl\u00e9ment du 1 juin 2016)<\/p>\n\n\n\n<h1 class=\"wp-block-heading\"><i>Mastocarpus stellatus<\/i>&nbsp;(Stackhouse) Guiry<\/h1>\n\n\n\n<p>Also known as&nbsp;<i>Gigartina stellata<\/i>,&nbsp;<i>Gigartina mammilosa<\/i>&nbsp;and&nbsp;<em>Petrocelis cruenta.<\/em><\/p>\n\n\n\n<p><b>Common names<\/b>: Cl\u00faimh\u00edn Cait (Irish); False Irish Moss, False Carragheen or Carrageen Moss (Eng.).<br><b>Description<\/b>: Cartilaginous, purplish brown fronds, often in dense tufts, arising from a discoid holdfast, to 200 mm high. Narrow compressed stipe expands into strap-like blade, usually inrolled (above) to form a channel, with thickened margins. Repeatedly dichotomously branched, axils acute. Upper part of frond with papillae to 10 mm or more long on surfaces and margins on female plants. Male plants lack papillae but are generally rare. The tetrasporophyte is a purplish-black crust&nbsp;<em>Petrocelis<\/em>-phase, above right.<br><b>Habitat<\/b>: On rocks in lower intertidal, often in large continuous mats, widespread and abundant.<br><b>Usage<\/b>: In Ireland, collected more or less interchangeably with&nbsp;<i>Chondrus crispus<\/i>&nbsp;for use as Carrageen or Irish Moss<\/p>\n\n\n\n<hr class=\"wp-block-separator has-alpha-channel-opacity\"\/>\n\n\n\n<p><b>Source<\/b> :<\/p>\n\n\n\n<ol class=\"wp-block-list\">\n<li>Guide des algues des mers d\u2019Europe, Floc\u2019h et coll. &#8211; 2006<\/li>\n\n\n\n<li>Guide illustr\u00e9 des algues de Bretagne, Andr\u00e9 Rio &#8211; 2001<\/li>\n\n\n\n<li>Sites sur la Toile : <a href=\"http:\/\/lebrusc.chez-alice.fr\">http:\/\/lebrusc.chez-alice.fr<\/a><\/li>\n\n\n\n<li>http:\/\/www.seaweed.ie (source anglaise)<\/li>\n<\/ol>\n\n\n\n<hr class=\"wp-block-separator has-alpha-channel-opacity\"\/>\n\n\n\n<p><b>Clich\u00e9s<\/b> :&nbsp;Gaby AR BRAZ &#8211; APN Canon G9&nbsp;&#8211; Ecosystema.fr&nbsp;\u00a9<\/p>\n\n\n\n<p><strong>CC<\/strong> BY-NC-ND<\/p>\n","protected":false},"excerpt":{"rendered":"<p>Allons \u00e0 la mar\u00e9e&#8230; \u00c0 l\u2019initiative du Cercle des Etudiants Naturalistes Brestois (http:\/\/www.univ-brest.fr\/cenb\/), nous sommes all\u00e9s \u00e0 la \u00ab&nbsp;mar\u00e9e&nbsp;\u00bb, pr\u00e8s du port d\u2019Argenton (\u00e0 30 km de Brest). Parmi les nombreuses esp\u00e8ces d\u2019algues observ\u00e9es, je vous pr\u00e9sente une algue commune et surtout source de confusion ; \u00e0 savoir : Il s\u2019agit de Mastocarpus stellatus =&hellip;<\/p>\n","protected":false},"author":1,"featured_media":0,"comment_status":"open","ping_status":"open","sticky":false,"template":"","format":"standard","meta":{"footnotes":""},"categories":[21],"tags":[41,85],"class_list":["post-1278","post","type-post","status-publish","format-standard","hentry","category-flore-oceanographie","tag-algues","tag-littoral"],"jetpack_featured_media_url":"","_links":{"self":[{"href":"https:\/\/ecosystema.fr\/index.php\/wp-json\/wp\/v2\/posts\/1278","targetHints":{"allow":["GET"]}}],"collection":[{"href":"https:\/\/ecosystema.fr\/index.php\/wp-json\/wp\/v2\/posts"}],"about":[{"href":"https:\/\/ecosystema.fr\/index.php\/wp-json\/wp\/v2\/types\/post"}],"author":[{"embeddable":true,"href":"https:\/\/ecosystema.fr\/index.php\/wp-json\/wp\/v2\/users\/1"}],"replies":[{"embeddable":true,"href":"https:\/\/ecosystema.fr\/index.php\/wp-json\/wp\/v2\/comments?post=1278"}],"version-history":[{"count":3,"href":"https:\/\/ecosystema.fr\/index.php\/wp-json\/wp\/v2\/posts\/1278\/revisions"}],"predecessor-version":[{"id":3460,"href":"https:\/\/ecosystema.fr\/index.php\/wp-json\/wp\/v2\/posts\/1278\/revisions\/3460"}],"wp:attachment":[{"href":"https:\/\/ecosystema.fr\/index.php\/wp-json\/wp\/v2\/media?parent=1278"}],"wp:term":[{"taxonomy":"category","embeddable":true,"href":"https:\/\/ecosystema.fr\/index.php\/wp-json\/wp\/v2\/categories?post=1278"},{"taxonomy":"post_tag","embeddable":true,"href":"https:\/\/ecosystema.fr\/index.php\/wp-json\/wp\/v2\/tags?post=1278"}],"curies":[{"name":"wp","href":"https:\/\/api.w.org\/{rel}","templated":true}]}}